{"id":1009,"date":"2022-09-30T20:02:42","date_gmt":"2022-09-30T18:02:42","guid":{"rendered":"https:\/\/www.ulcgtivry.fr\/blog\/?p=1009"},"modified":"2022-09-30T20:06:32","modified_gmt":"2022-09-30T18:06:32","slug":"journee-daction-interprofessionnelle-du-29-septembre-une-premiere-mobilisation-reussie-qui-appelle-a-des-suites","status":"publish","type":"post","link":"https:\/\/www.ulcgtivry.fr\/blog\/2022\/09\/journee-daction-interprofessionnelle-du-29-septembre-une-premiere-mobilisation-reussie-qui-appelle-a-des-suites\/","title":{"rendered":"Journ\u00e9e d&rsquo;action interprofessionnelle du 29 septembre : <br>une premi\u00e8re mobilisation r\u00e9ussie qui appelle des suites"},"content":{"rendered":"<p>Nous nous f\u00e9licitons de cette journ\u00e9e de gr\u00e8ves et de manifestations du 29 septembre 2022. Ce sont 250&nbsp;000 personnes qui ont manifest\u00e9 partout en France pour obtenir une augmentation de salaire, de bourse, minima sociaux ou de pension, dont 40&nbsp;000 personnes \u00e0 Paris.<\/p>\n<p>Les manifestants et manifestantes derri\u00e8re la banderole de l&rsquo;union d\u00e9partementale CGT du Val-de-Marne \u00e9taient tr\u00e8s nombreux \u00e0 avoir r\u00e9pondu pr\u00e9sents, avec des rassemblements d\u00e8s le matin dans plusieurs lieux, dont celui devant le Samu social \u00e0 Ivry, et des d\u00e9parts collectifs depuis la mairie d&rsquo;Ivry ou au m\u00e9tro Charenton-\u00c9coles&#8230;<\/p>\n<p>Des milliers de personnes qui travaillent dans de nombreux secteurs du priv\u00e9 comme du public \u00e9taient en gr\u00e8ve hier. <\/p>\n<p>Parce que l\u2019injustice des plus riches qui se gavent de dividendes est insupportable, parce que de plus en plus de travailleurs-euses, d\u2019\u00e9tudiant-es, de retrait\u00e9-es, de priv\u00e9-e-s d\u2019emplois sont dans une situation de pr\u00e9carit\u00e9 ou sombrent dans la pauvret\u00e9 avec une inflation qui touche tous les produits de premi\u00e8re n\u00e9cessit\u00e9, parce que les mesures du gouvernement ne r\u00e8gleront aucune des difficult\u00e9s, les luttes sectorielles, d\u2019entreprises doivent continuer et s\u2019amplifier partout.<\/p>\n<h5> Il faut augmenter les salaires et non l&rsquo;\u00e2ge l\u00e9gal de la retraite. <\/h5>\n<p>Cette journ\u00e9e d\u00e9montre qu\u2019une mobilisation interprofessionnelle est utile pour le rapport de force, les capacit\u00e9s de r\u00e9sistances sont l\u00e0 et peuvent s\u2019amplifier. C\u2019est ce \u00e0 quoi la CGT s&rsquo;attelle d\u00e8s maintenant.<\/p>\n","protected":false},"excerpt":{"rendered":"<p>Nous nous f\u00e9licitons de cette journ\u00e9e de gr\u00e8ves et de manifestations du 29 septembre 2022. Ce sont 250&nbsp;000 personnes qui ont manifest\u00e9 partout en France&hellip; <\/p>\n","protected":false},"author":1,"featured_media":0,"comment_status":"closed","ping_status":"closed","sticky":false,"template":"","format":"standard","meta":{"ngg_post_thumbnail":0,"_jetpack_memberships_contains_paid_content":false,"footnotes":"","_links_to":"","_links_to_target":""},"categories":[3],"tags":[],"class_list":["post-1009","post","type-post","status-publish","format-standard","hentry","category-actualite"],"jetpack_featured_media_url":"","jetpack_sharing_enabled":true,"_links":{"self":[{"href":"https:\/\/www.ulcgtivry.fr\/blog\/wp-json\/wp\/v2\/posts\/1009","targetHints":{"allow":["GET"]}}],"collection":[{"href":"https:\/\/www.ulcgtivry.fr\/blog\/wp-json\/wp\/v2\/posts"}],"about":[{"href":"https:\/\/www.ulcgtivry.fr\/blog\/wp-json\/wp\/v2\/types\/post"}],"author":[{"embeddable":true,"href":"https:\/\/www.ulcgtivry.fr\/blog\/wp-json\/wp\/v2\/users\/1"}],"replies":[{"embeddable":true,"href":"https:\/\/www.ulcgtivry.fr\/blog\/wp-json\/wp\/v2\/comments?post=1009"}],"version-history":[{"count":0,"href":"https:\/\/www.ulcgtivry.fr\/blog\/wp-json\/wp\/v2\/posts\/1009\/revisions"}],"wp:attachment":[{"href":"https:\/\/www.ulcgtivry.fr\/blog\/wp-json\/wp\/v2\/media?parent=1009"}],"wp:term":[{"taxonomy":"category","embeddable":true,"href":"https:\/\/www.ulcgtivry.fr\/blog\/wp-json\/wp\/v2\/categories?post=1009"},{"taxonomy":"post_tag","embeddable":true,"href":"https:\/\/www.ulcgtivry.fr\/blog\/wp-json\/wp\/v2\/tags?post=1009"}],"curies":[{"name":"wp","href":"https:\/\/api.w.org\/{rel}","templated":true}]}}