{"id":1016,"date":"2022-10-07T19:13:33","date_gmt":"2022-10-07T17:13:33","guid":{"rendered":"https:\/\/www.ulcgtivry.fr\/blog\/?p=1016"},"modified":"2022-10-07T19:13:33","modified_gmt":"2022-10-07T17:13:33","slug":"lactu-hebdo-de-la-cgt","status":"publish","type":"post","link":"https:\/\/www.ulcgtivry.fr\/blog\/2022\/10\/lactu-hebdo-de-la-cgt\/","title":{"rendered":"L&rsquo;actu hebdo de la CGT"},"content":{"rendered":"<p>Parmi les articles de la derni\u00e8re lettre d&rsquo;info de la CGT : <\/p>\n<ul>\n<li> <a href=\"https:\/\/www.cgt.fr\/actualites\/france\/retraite\/protection-sociale\/pas-de-pension-minimum-au-niveau-du-seuil-de-pauvrete\">Pas de pension minimum au niveau du seuil de pauvret\u00e9<\/a> <\/li>\n<li> <a href=\"https:\/\/www.cgt.fr\/actualites\/france\/retraite\/protection-sociale\/complementaires-retraite-travailler-plus-longtemps-pour-de-plus-petites-retraites\">Compl\u00e9mentaires retraite : travailler plus longtemps pour de plus petites retraites ?<\/a> <\/li>\n<li> <a href=\"https:\/\/www.cgt.fr\/actualites\/europe\/interprofessionnel\/salaires\/mobilisations-europeennes-pour-des-hausses-de-salaires\">Mobilisations europ\u00e9ennes pour des hausses de salaires<\/a> <\/li>\n<li> <a href=\"https:\/\/www.cgt.fr\/actualites\/france\/services-publics\/elections\/face-au-dereglement-climatique-la-cgt-exige-des-moyens-pour-renforcer-les-services-publics\">Face au d\u00e9r\u00e8glement climatique, la CGT exige des moyens pour renforcer les services publics<\/a> <\/li>\n<li> <a href=\"https:\/\/www.cgt.fr\/comm-de-presse\/syndicalistes-cgt-ni-voyous-ni-terroristes-nous-ne-laisserons-pas-faire\">Syndicalistes CGT, ni voyous, ni terroristes : nous ne laisserons pas faire !<\/a> <\/li>\n<\/ul>\n<p>Pour vous abonner \u00e0 la lettre d&rsquo;info de la CGT, cliquez <a href=\"https:\/\/www.cgt.fr\/newsletter\/sabonner\">ici<\/a>.<\/p>\n","protected":false},"excerpt":{"rendered":"<p>Parmi les articles de la derni\u00e8re lettre d&rsquo;info de la CGT : Pas de pension minimum au niveau du seuil de pauvret\u00e9 Compl\u00e9mentaires retraite :&hellip; <\/p>\n","protected":false},"author":1,"featured_media":0,"comment_status":"closed","ping_status":"closed","sticky":false,"template":"","format":"standard","meta":{"ngg_post_thumbnail":0,"_jetpack_memberships_contains_paid_content":false,"footnotes":"","_links_to":"","_links_to_target":""},"categories":[3,47],"tags":[48,20,37],"class_list":["post-1016","post","type-post","status-publish","format-standard","hentry","category-actualite","category-retraites","tag-retraites","tag-salaires","tag-sevices-publics"],"jetpack_featured_media_url":"","jetpack_sharing_enabled":true,"_links":{"self":[{"href":"https:\/\/www.ulcgtivry.fr\/blog\/wp-json\/wp\/v2\/posts\/1016","targetHints":{"allow":["GET"]}}],"collection":[{"href":"https:\/\/www.ulcgtivry.fr\/blog\/wp-json\/wp\/v2\/posts"}],"about":[{"href":"https:\/\/www.ulcgtivry.fr\/blog\/wp-json\/wp\/v2\/types\/post"}],"author":[{"embeddable":true,"href":"https:\/\/www.ulcgtivry.fr\/blog\/wp-json\/wp\/v2\/users\/1"}],"replies":[{"embeddable":true,"href":"https:\/\/www.ulcgtivry.fr\/blog\/wp-json\/wp\/v2\/comments?post=1016"}],"version-history":[{"count":0,"href":"https:\/\/www.ulcgtivry.fr\/blog\/wp-json\/wp\/v2\/posts\/1016\/revisions"}],"wp:attachment":[{"href":"https:\/\/www.ulcgtivry.fr\/blog\/wp-json\/wp\/v2\/media?parent=1016"}],"wp:term":[{"taxonomy":"category","embeddable":true,"href":"https:\/\/www.ulcgtivry.fr\/blog\/wp-json\/wp\/v2\/categories?post=1016"},{"taxonomy":"post_tag","embeddable":true,"href":"https:\/\/www.ulcgtivry.fr\/blog\/wp-json\/wp\/v2\/tags?post=1016"}],"curies":[{"name":"wp","href":"https:\/\/api.w.org\/{rel}","templated":true}]}}