{"id":1023,"date":"2022-10-14T13:47:26","date_gmt":"2022-10-14T11:47:26","guid":{"rendered":"https:\/\/www.ulcgtivry.fr\/blog\/?p=1023"},"modified":"2022-10-19T15:57:38","modified_gmt":"2022-10-19T13:57:38","slug":"toutes-et-tous-en-greve-et-manifestation-mardi-18-octobre","status":"publish","type":"post","link":"https:\/\/www.ulcgtivry.fr\/blog\/2022\/10\/toutes-et-tous-en-greve-et-manifestation-mardi-18-octobre\/","title":{"rendered":"Toutes et tous en gr\u00e8ve et manifestation mardi 18 octobre"},"content":{"rendered":"<p><center><\/p>\n<h5> Manifestation intersyndicale :<br \/>\nMARDI 18 OCTOBRE \u00c0 14 H 00<br \/>\n\u00e0 Paris, PLACE D&rsquo;ITALIE <\/h5>\n<p> <\/center><\/p>\n<p><a href=\"https:\/\/www.ulcgtivry.fr\/blog\/wp-content\/uploads\/2022_uploads\/221018_URIF.jpg\"><img loading=\"lazy\" decoding=\"async\" src=\"https:\/\/www.ulcgtivry.fr\/blog\/wp-content\/uploads\/2022_uploads\/221018_URIF.jpg\" alt=\"affiche URIF\" width=\"300\" height=\"250\" class=\"alignleft\"\/><\/a> Mobilisations et gr\u00e8ves le 18 octobre pour l&rsquo;augmentation des salaires et la d\u00e9fense du droit de gr\u00e8ve. <\/p>\n<p>Que ce soit dans les raffineries, l&rsquo;agroalimentaire, les cr\u00e8ches, les transports publics, l&rsquo;\u00e9nergie et nucl\u00e9aire, les organismes sociaux, les banque-assurances, les services informatiques, la maintenance industrielle, l&rsquo;\u00e9ducation, la sant\u00e9, le commerce, la m\u00e9tallurgie&#8230; les salari\u00e9.es de tr\u00e8s nombreux secteurs professionnels se mobilisent depuis des mois dans leurs entreprises ou leurs services pour revendiquer et gagner de l\u00e9gitimes augmentations de salaire, de meilleures conditions de travail, des emplois de qualit\u00e9. Les jeunes se mobilisent aussi, pour leurs conditions de vie et d&rsquo;\u00e9tudes ainsi que pour une r\u00e9forme des bourses ambitieuse.<\/p>\n<p>Le mouvement des lyc\u00e9es professionnels, d&rsquo;ores et d\u00e9j\u00e0 d\u00e9cid\u00e9 pour le 18 octobre, s&rsquo;inscrit dans cette dynamique.<\/p>\n<p>Pourtant et alors qu&rsquo;elles r\u00e9alisent d&rsquo;\u00e9normes profits, les entreprises de la branche P\u00e9trole, en particulier Total ou Exxon, refusent d&rsquo;acc\u00e9der aux exigences des salari\u00e9.es massivement mobilis\u00e9s par l&rsquo;ouverture imm\u00e9diate d&rsquo;une n\u00e9gociation s\u00e9rieuse. Ces denier.e.s r\u00e9clament avant tout le rattrapage de l&rsquo;inflation et une meilleure r\u00e9partition des richesses cr\u00e9\u00e9es par les travailleuses et travailleurs, alors que des milliards d&rsquo;euros de dividendes ont \u00e9t\u00e9 vers\u00e9s aux actionnaires.<\/p>\n<p>C&rsquo;est cette situation de blocage patronal qui cr\u00e9e aujourd&rsquo;hui la p\u00e9nurie de carburants. Mardi dernier, une limite \u00e9t\u00e9 franchie par le gouvernement, annon\u00e7ant faire proc\u00e9der aux r\u00e9quisitions des salari\u00e9.e.s des raffineries et d\u00e9p\u00f4ts par les pr\u00e9fectures. Elles sont en cours depuis hier. Cette proc\u00e9dure d\u00e9j\u00e0 condamn\u00e9e par l&rsquo;OIT constitue une atteinte inacceptable au droit constitutionnel et de gr\u00e8ve et aux libert\u00e9s fondamentales.<\/p>\n<p>La mobilisation gagne des secteurs de plus en plus nombreux dans le priv\u00e9 comme dans le public. Elles et ils obtiennent par leurs actions avec leurs organisations syndicales l&rsquo;ouverture de nouvelles n\u00e9gociations et des avanc\u00e9es salariales significatives. C&rsquo;est aujourd&rsquo;hui qu&rsquo;il faut se mobiliser dans tous les secteurs professionnels, public comme priv\u00e9.<\/p>\n<p>Les organisations syndicales CGT, FO, FSU, Solidaires, et de jeunesse FIDL, MNL, UNEF, WL, d\u00e9cident d&rsquo;appeler ensemble les travailleuses et travailleurs et la jeunesse \u00e0 la mobilisation y compris par la gr\u00e8ve le mardi 18 octobre pour l&rsquo;augmentation des salaires, des pensions et minima sociaux, et l&rsquo;am\u00e9lioration des conditions de vie et d&rsquo;\u00e9tudes.<\/p>\n<p>Elles appellent \u00e9galement les salari\u00e9.es, les retrait\u00e9.es, les priv\u00e9.es d&#8217;emploi et la jeunesse \u00e0 se mobiliser pour la d\u00e9fense du droit de gr\u00e8ve en participant aux rassemblements organis\u00e9s devant les pr\u00e9fectures et sous-pr\u00e9fectures.<\/p>\n<p>Le 18 octobre, elles s&rsquo;engagent \u00e0 organiser partout avec les jeunes et les salari\u00e9.e.s des diff\u00e9rents secteurs professionnels des mobilisations et actions, dans les entreprises et les services.<\/p>\n<p><em> Communiqu\u00e9 intersyndical &#8211; Montreuil le 13 octobre 2022. <\/em> <\/p>\n<h5> Motion de l&rsquo;union d\u00e9partementale CGT du Val-de-Marne <\/h5>\n<p><center><a href=\"https:\/\/www.ulcgtivry.fr\/blog\/wp-content\/uploads\/2022_uploads\/221018_Communique_UD.jpg\"><img loading=\"lazy\" decoding=\"async\" src=\"https:\/\/www.ulcgtivry.fr\/blog\/wp-content\/uploads\/2022_uploads\/221018_Communique_UD.jpg\" alt=\"Communique UD \" width=\"300\" height=\"250\"\/><\/a> <center><\/p>\n","protected":false},"excerpt":{"rendered":"<p>Manifestation intersyndicale : MARDI 18 OCTOBRE \u00c0 14 H 00 \u00e0 Paris, PLACE D&rsquo;ITALIE Mobilisations et gr\u00e8ves le 18 octobre pour l&rsquo;augmentation des salaires et&hellip; <\/p>\n","protected":false},"author":1,"featured_media":0,"comment_status":"closed","ping_status":"closed","sticky":false,"template":"","format":"standard","meta":{"ngg_post_thumbnail":0,"_jetpack_memberships_contains_paid_content":false,"footnotes":"","_links_to":"","_links_to_target":""},"categories":[3,4],"tags":[45,56,20],"class_list":["post-1023","post","type-post","status-publish","format-standard","hentry","category-actualite","category-evenements","tag-luttes","tag-pouvoir-dachat","tag-salaires"],"jetpack_featured_media_url":"","jetpack_sharing_enabled":true,"_links":{"self":[{"href":"https:\/\/www.ulcgtivry.fr\/blog\/wp-json\/wp\/v2\/posts\/1023","targetHints":{"allow":["GET"]}}],"collection":[{"href":"https:\/\/www.ulcgtivry.fr\/blog\/wp-json\/wp\/v2\/posts"}],"about":[{"href":"https:\/\/www.ulcgtivry.fr\/blog\/wp-json\/wp\/v2\/types\/post"}],"author":[{"embeddable":true,"href":"https:\/\/www.ulcgtivry.fr\/blog\/wp-json\/wp\/v2\/users\/1"}],"replies":[{"embeddable":true,"href":"https:\/\/www.ulcgtivry.fr\/blog\/wp-json\/wp\/v2\/comments?post=1023"}],"version-history":[{"count":0,"href":"https:\/\/www.ulcgtivry.fr\/blog\/wp-json\/wp\/v2\/posts\/1023\/revisions"}],"wp:attachment":[{"href":"https:\/\/www.ulcgtivry.fr\/blog\/wp-json\/wp\/v2\/media?parent=1023"}],"wp:term":[{"taxonomy":"category","embeddable":true,"href":"https:\/\/www.ulcgtivry.fr\/blog\/wp-json\/wp\/v2\/categories?post=1023"},{"taxonomy":"post_tag","embeddable":true,"href":"https:\/\/www.ulcgtivry.fr\/blog\/wp-json\/wp\/v2\/tags?post=1023"}],"curies":[{"name":"wp","href":"https:\/\/api.w.org\/{rel}","templated":true}]}}