{"id":1033,"date":"2022-10-15T14:29:14","date_gmt":"2022-10-15T12:29:14","guid":{"rendered":"https:\/\/www.ulcgtivry.fr\/blog\/?p=1033"},"modified":"2022-10-19T15:59:27","modified_gmt":"2022-10-19T13:59:27","slug":"elections-professionnelles-la-cgt-premiere-organisation-syndicale-a-carrefour-bercy","status":"publish","type":"post","link":"https:\/\/www.ulcgtivry.fr\/blog\/2022\/10\/elections-professionnelles-la-cgt-premiere-organisation-syndicale-a-carrefour-bercy\/","title":{"rendered":"Elections professionnelles : la CGT premi\u00e8re organisation syndicale \u00e0 Carrefour Bercy"},"content":{"rendered":"<p><img loading=\"lazy\" decoding=\"async\" src=\"https:\/\/www.ulcgtivry.fr\/blog\/wp-content\/uploads\/2022_uploads\/221015_logo_Carrefour_bercy.png\" alt=\"Carrefour Bercy \" width=\"150\" height=\"100\" class=\"alignleft\"\/>Lors des \u00e9lections professionnelles du 8 septembre 2022 \u00e0 Carrefour Bercy, la CGT a r\u00e9ussi \u00e0 inverser la tendance en devenant la premi\u00e8re organisation syndicale du magasin et majoritaire au sein de l&rsquo;instance du CSE (Conseil social et \u00e9conomique) : 14 \u00e9lus.es sur un total de 18 candidat.e.s.<\/p>\n<p><a href=\"https:\/\/www.ulcgtivry.fr\/blog\/wp-content\/uploads\/2022_uploads\/221015_Carrefour_bercy.jpg\"><img loading=\"lazy\" decoding=\"async\" src=\"https:\/\/www.ulcgtivry.fr\/blog\/wp-content\/uploads\/2022_uploads\/221015_Carrefour_bercy.jpg\" alt=\" Carrefour Bercy\" width=\"250\" height=\"300\" class=\"alignright\"\/><\/a> Ce r\u00e9sultat est le fruit de 4 ann\u00e9es au contact des salari\u00e9.e.s mais aussi de mobilisations pour faire respecter les droits, am\u00e9liorer les conditions de travail, d\u00e9noncer les m\u00e9thodes de management ou le harc\u00e8lement de la Direction.<\/p>\n<p>Syndicalisation, organisation d&rsquo;une base de militant.e.s ont permis la cr\u00e9ation d&rsquo;un groupe pour revendiquer de nouveaux droits ou moyens au travail. Obtenant ainsi pr\u00e8s de 78 % des votes exprim\u00e9s pour le coll\u00e8ge ouvrier\/ employ\u00e9 apr\u00e8s une campagne \u00e9lectorale r\u00e9ussie.<\/p>\n<p>Ont pu \u00eatre d\u00e9sign\u00e9s 4 \u00e9lus.es CGT membres du bureau pour le CSE et 2 autres comme r\u00e9f\u00e9rents \u00ab\u00a0Harc\u00e8lements sexuels et sexistes\u00a0\u00bb.<\/p>\n<p>&nbsp;<\/p>\n","protected":false},"excerpt":{"rendered":"<p>Lors des \u00e9lections professionnelles du 8 septembre 2022 \u00e0 Carrefour Bercy, la CGT a r\u00e9ussi \u00e0 inverser la tendance en devenant la premi\u00e8re organisation syndicale&hellip; <\/p>\n","protected":false},"author":1,"featured_media":0,"comment_status":"closed","ping_status":"closed","sticky":false,"template":"","format":"standard","meta":{"ngg_post_thumbnail":0,"_jetpack_memberships_contains_paid_content":false,"footnotes":"","_links_to":"","_links_to_target":""},"categories":[3],"tags":[46,35,45],"class_list":["post-1033","post","type-post","status-publish","format-standard","hentry","category-actualite","tag-commerce","tag-elections","tag-luttes"],"jetpack_featured_media_url":"","jetpack_sharing_enabled":true,"_links":{"self":[{"href":"https:\/\/www.ulcgtivry.fr\/blog\/wp-json\/wp\/v2\/posts\/1033","targetHints":{"allow":["GET"]}}],"collection":[{"href":"https:\/\/www.ulcgtivry.fr\/blog\/wp-json\/wp\/v2\/posts"}],"about":[{"href":"https:\/\/www.ulcgtivry.fr\/blog\/wp-json\/wp\/v2\/types\/post"}],"author":[{"embeddable":true,"href":"https:\/\/www.ulcgtivry.fr\/blog\/wp-json\/wp\/v2\/users\/1"}],"replies":[{"embeddable":true,"href":"https:\/\/www.ulcgtivry.fr\/blog\/wp-json\/wp\/v2\/comments?post=1033"}],"version-history":[{"count":0,"href":"https:\/\/www.ulcgtivry.fr\/blog\/wp-json\/wp\/v2\/posts\/1033\/revisions"}],"wp:attachment":[{"href":"https:\/\/www.ulcgtivry.fr\/blog\/wp-json\/wp\/v2\/media?parent=1033"}],"wp:term":[{"taxonomy":"category","embeddable":true,"href":"https:\/\/www.ulcgtivry.fr\/blog\/wp-json\/wp\/v2\/categories?post=1033"},{"taxonomy":"post_tag","embeddable":true,"href":"https:\/\/www.ulcgtivry.fr\/blog\/wp-json\/wp\/v2\/tags?post=1033"}],"curies":[{"name":"wp","href":"https:\/\/api.w.org\/{rel}","templated":true}]}}