{"id":1038,"date":"2022-10-15T15:01:29","date_gmt":"2022-10-15T13:01:29","guid":{"rendered":"https:\/\/www.ulcgtivry.fr\/blog\/?p=1038"},"modified":"2022-10-19T15:59:13","modified_gmt":"2022-10-19T13:59:13","slug":"appel-a-la-greve-au-magasin-carrefour-bercy-rendez-vous-le-5-novembre-a-8h30","status":"publish","type":"post","link":"https:\/\/www.ulcgtivry.fr\/blog\/2022\/10\/appel-a-la-greve-au-magasin-carrefour-bercy-rendez-vous-le-5-novembre-a-8h30\/","title":{"rendered":"Appel \u00e0 la gr\u00e8ve au magasin Carrefour Bercy : rendez-vous le 5 novembre \u00e0 8h30."},"content":{"rendered":"<p><a href=\"https:\/\/www.ulcgtivry.fr\/blog\/wp-content\/uploads\/2022_uploads\/221015_CarrefourBercy.jpeg\"><img loading=\"lazy\" decoding=\"async\" src=\"https:\/\/www.ulcgtivry.fr\/blog\/wp-content\/uploads\/2022_uploads\/221015_CarrefourBercy.jpeg\" alt=\"Carrefour Bercy \" width=\"300\" height=\"250\" class=\"alignleft\"\/><\/a><a href=\"https:\/\/www.ulcgtivry.fr\/blog\/wp-content\/uploads\/2022_uploads\/221105_Affiche_greve_Carrefour.pdf\" target=\"_blank\" rel=\"noopener\"><img loading=\"lazy\" decoding=\"async\" src=\"https:\/\/www.ulcgtivry.fr\/blog\/wp-content\/uploads\/2022_uploads\/221105_Affiche_greve_Carrefour.png\" alt=\"Carrefour Bercy \" width=\"250\" height=\"300\" class=\"alignright\"\/><\/a>Les salari\u00e9.e.s du magasin Carrefour Bercy appellent \u00e0 la gr\u00e8ve le samedi 5 novembre. Ils et elles sont en lutte pour la revalorisation des salaires, l&#8217;embauche de nouveaux salari\u00e9s, l&rsquo;am\u00e9lioration des conditions de travail et d\u00e9noncer l&rsquo;arnaque du groupe Carrefour avec le passage de nombreux magasins en location-g\u00e9rance, pour augmenter le taux de profit et gaver toujours plus des actionnaires insatiables.<\/p>\n<p>Seront pr\u00e9sents, en plus des gr\u00e9vistes du magasin, la F\u00e9d\u00e9ration CGT du commerce, l&rsquo;Union D\u00e9partementale CGT du Val-de-Marne (qui a d\u00e9cid\u00e9 de d\u00e9partementaliser cette mobilisation), la Coordination CGT Carrefour, l&rsquo;Union Locale CGT Ivry\/Charenton\/St-Maurice\/Maisons-Alfort\/Alforville, des d\u00e9put\u00e9s LFI du d\u00e9partement et les m\u00e9dias.<\/p>\n<p>Des tracts seront distribu\u00e9s aux client.e.s.<\/p>\n<p><center><\/p>\n<h5> Rendez-vous \u00e0 l&rsquo;entr\u00e9e du magasin d\u00e8s 8h30,<br \/>\nle samedi 05 novembre prochain. <\/h5>\n<p> <\/center><\/p>\n","protected":false},"excerpt":{"rendered":"<p>Les salari\u00e9.e.s du magasin Carrefour Bercy appellent \u00e0 la gr\u00e8ve le samedi 5 novembre. Ils et elles sont en lutte pour la revalorisation des salaires,&hellip; <\/p>\n","protected":false},"author":1,"featured_media":0,"comment_status":"closed","ping_status":"closed","sticky":false,"template":"","format":"standard","meta":{"ngg_post_thumbnail":0,"_jetpack_memberships_contains_paid_content":false,"footnotes":"","_links_to":"","_links_to_target":""},"categories":[3,4],"tags":[46,45,56,20],"class_list":["post-1038","post","type-post","status-publish","format-standard","hentry","category-actualite","category-evenements","tag-commerce","tag-luttes","tag-pouvoir-dachat","tag-salaires"],"jetpack_featured_media_url":"","jetpack_sharing_enabled":true,"_links":{"self":[{"href":"https:\/\/www.ulcgtivry.fr\/blog\/wp-json\/wp\/v2\/posts\/1038","targetHints":{"allow":["GET"]}}],"collection":[{"href":"https:\/\/www.ulcgtivry.fr\/blog\/wp-json\/wp\/v2\/posts"}],"about":[{"href":"https:\/\/www.ulcgtivry.fr\/blog\/wp-json\/wp\/v2\/types\/post"}],"author":[{"embeddable":true,"href":"https:\/\/www.ulcgtivry.fr\/blog\/wp-json\/wp\/v2\/users\/1"}],"replies":[{"embeddable":true,"href":"https:\/\/www.ulcgtivry.fr\/blog\/wp-json\/wp\/v2\/comments?post=1038"}],"version-history":[{"count":0,"href":"https:\/\/www.ulcgtivry.fr\/blog\/wp-json\/wp\/v2\/posts\/1038\/revisions"}],"wp:attachment":[{"href":"https:\/\/www.ulcgtivry.fr\/blog\/wp-json\/wp\/v2\/media?parent=1038"}],"wp:term":[{"taxonomy":"category","embeddable":true,"href":"https:\/\/www.ulcgtivry.fr\/blog\/wp-json\/wp\/v2\/categories?post=1038"},{"taxonomy":"post_tag","embeddable":true,"href":"https:\/\/www.ulcgtivry.fr\/blog\/wp-json\/wp\/v2\/tags?post=1038"}],"curies":[{"name":"wp","href":"https:\/\/api.w.org\/{rel}","templated":true}]}}