{"id":1058,"date":"2022-10-19T15:57:05","date_gmt":"2022-10-19T13:57:05","guid":{"rendered":"https:\/\/www.ulcgtivry.fr\/blog\/?p=1058"},"modified":"2022-10-19T15:58:46","modified_gmt":"2022-10-19T13:58:46","slug":"partez-sur-les-traces-de-la-commune-de-paris","status":"publish","type":"post","link":"https:\/\/www.ulcgtivry.fr\/blog\/2022\/10\/partez-sur-les-traces-de-la-commune-de-paris\/","title":{"rendered":"Partez sur les traces de la Commune de Paris !"},"content":{"rendered":"<p>Les parcours communards, organis\u00e9s par l&rsquo;Association des Amies et Amis de la Commune<br \/>\nde Paris 1871, \u00e9taient auparavant r\u00e9serv\u00e9s aux groupes.<\/p>\n<p>Nous ouvrons pour la premi\u00e8re fois 4 parcours aux individuels, au tarif de 5\u20ac par<br \/>\nparcours.<\/p>\n<h5> Dimanche 27 novembre et dimanche 11 d\u00e9cembre 2022 <\/h5>\n<p>Parcours Montmartre : rendez-vous \u00e0 9h30 \u00e0 la station de m\u00e9tro Anvers, Paris 18\u00e8me. Fin du parcours \u00e0<br \/>\n12h00.<\/p>\n<p><a href=\"https:\/\/www.ulcgtivry.fr\/blog\/wp-content\/uploads\/2022_uploads\/221019_ParcoursCommune.jpg\"><img loading=\"lazy\" decoding=\"async\" src=\"https:\/\/www.ulcgtivry.fr\/blog\/wp-content\/uploads\/2022_uploads\/221019_ParcoursCommune.jpg\" alt=\"Traces de la Commune de Paris\" width=\"250\" height=\"300\" class=\"alignright\"\/><\/a><\/p>\n<h5> Dimanche 27 novembre et dimanche 11 d\u00e9cembre 2022 <\/h5>\n<p>Parcours P\u00e8re Lachaise : rendez-vous \u00e0 14h00 \u00e0 l&rsquo;entr\u00e9e principale du cimeti\u00e8re P\u00e8re-Lachaise, boulevard de M\u00e9nilmontant, Paris 20\u00e8me (face \u00e0 la rue de la Roquette). Fin du parcours \u00e0 17h00.<\/p>\n<p>Tarif individuel : 5 \u20ac par parcours<br \/>\nInscriptions et r\u00e9glement \u00e0 l&rsquo;avance obligatoires aupr\u00e8s de l&rsquo;Association des Amies et Amis de la Commune 1871, 46 rue des Cinq Diamants. Paris (13e)<\/p>\n<p><em> Afficher les coordonn\u00e9es des Amies et Amis de la Commune 1871 en cliquant sur l&rsquo;image ci-contre. <\/em> <\/p>\n<p>&nbsp; <\/p>\n","protected":false},"excerpt":{"rendered":"<p>Les parcours communards, organis\u00e9s par l&rsquo;Association des Amies et Amis de la Commune de Paris 1871, \u00e9taient auparavant r\u00e9serv\u00e9s aux groupes. Nous ouvrons pour la&hellip; <\/p>\n","protected":false},"author":1,"featured_media":0,"comment_status":"closed","ping_status":"closed","sticky":false,"template":"","format":"standard","meta":{"ngg_post_thumbnail":0,"_jetpack_memberships_contains_paid_content":false,"footnotes":"","_links_to":"","_links_to_target":""},"categories":[3,4],"tags":[30],"class_list":["post-1058","post","type-post","status-publish","format-standard","hentry","category-actualite","category-evenements","tag-mouvement-ouvrier"],"jetpack_featured_media_url":"","jetpack_sharing_enabled":true,"_links":{"self":[{"href":"https:\/\/www.ulcgtivry.fr\/blog\/wp-json\/wp\/v2\/posts\/1058","targetHints":{"allow":["GET"]}}],"collection":[{"href":"https:\/\/www.ulcgtivry.fr\/blog\/wp-json\/wp\/v2\/posts"}],"about":[{"href":"https:\/\/www.ulcgtivry.fr\/blog\/wp-json\/wp\/v2\/types\/post"}],"author":[{"embeddable":true,"href":"https:\/\/www.ulcgtivry.fr\/blog\/wp-json\/wp\/v2\/users\/1"}],"replies":[{"embeddable":true,"href":"https:\/\/www.ulcgtivry.fr\/blog\/wp-json\/wp\/v2\/comments?post=1058"}],"version-history":[{"count":0,"href":"https:\/\/www.ulcgtivry.fr\/blog\/wp-json\/wp\/v2\/posts\/1058\/revisions"}],"wp:attachment":[{"href":"https:\/\/www.ulcgtivry.fr\/blog\/wp-json\/wp\/v2\/media?parent=1058"}],"wp:term":[{"taxonomy":"category","embeddable":true,"href":"https:\/\/www.ulcgtivry.fr\/blog\/wp-json\/wp\/v2\/categories?post=1058"},{"taxonomy":"post_tag","embeddable":true,"href":"https:\/\/www.ulcgtivry.fr\/blog\/wp-json\/wp\/v2\/tags?post=1058"}],"curies":[{"name":"wp","href":"https:\/\/api.w.org\/{rel}","templated":true}]}}