{"id":1065,"date":"2022-10-22T19:15:18","date_gmt":"2022-10-22T17:15:18","guid":{"rendered":"https:\/\/www.ulcgtivry.fr\/blog\/?p=1065"},"modified":"2022-10-22T19:15:18","modified_gmt":"2022-10-22T17:15:18","slug":"greve-generale-le-5-novembre-2022-au-magasin-carrefour-bercy","status":"publish","type":"post","link":"https:\/\/www.ulcgtivry.fr\/blog\/2022\/10\/greve-generale-le-5-novembre-2022-au-magasin-carrefour-bercy\/","title":{"rendered":"Gr\u00e8ve g\u00e9n\u00e9rale, le 5 novembre 2022 au magasin Carrefour Bercy"},"content":{"rendered":"<p><a href=\"https:\/\/www.ulcgtivry.fr\/blog\/wp-content\/uploads\/2022_uploads\/221105_Affiche_greve_Carrefour.pdf\" target=\"_blank\" rel=\"noopener\"><img loading=\"lazy\" decoding=\"async\" src=\"https:\/\/www.ulcgtivry.fr\/blog\/wp-content\/uploads\/2022_uploads\/221105_Affiche_greve_Carrefour.png\" alt=\"Carrefour Bercy \" width=\"200\" height=\"250\" class=\"alignleft\"\/><\/a><a href=\"https:\/\/www.ulcgtivry.fr\/blog\/wp-content\/uploads\/2022_uploads\/221022_Tract_CarrefourBercy.pdf\" target=\"_blank\" rel=\"noopener\"><img loading=\"lazy\" decoding=\"async\" src=\"https:\/\/www.ulcgtivry.fr\/blog\/wp-content\/uploads\/2022_uploads\/221022_Tract_CarrefourBercy.png\" alt=\"Tract Carrefour Bercy \" width=\"200\" height=\"250\" class=\"alignright\"\/><\/a><\/p>\n<ul>\n<li> Augmentation g\u00e9n\u00e9rale des salaires de 10&nbsp; %. <\/li>\n<li> Versement des salaires au plus tard 2 jours ouvr\u00e9s avant la fin du mois. <\/li>\n<li> 8 \u20ac \/ jour de titres restaurant avec une prise en charge de 60 % par l&#8217;employeur, vers\u00e9s le 1er de chaque mois. <\/li>\n<li> Le renforcement du service Paie pour limiter les trop nombreuses erreurs sur les bulletins de salaires. <\/li>\n<li> L&#8217;embauche de 20 salari\u00e9s \u00e0 35 h :<br \/>\n      -> 6 personnes au service Caisses.<br \/>\n      -> 2 personnes au rayon Poissonnerie.<br \/>\n      -> 2 personnes au rayon Traiteur.<br \/>\n      -> 2 personnes au rayon Boulangerie\/P\u00e2tisserie.<br \/>\n      -> 2 personnes pour la R\u00e9ception.<br \/>\n      -> 6 personnes pour le reste du magasin.\n<\/li>\n<li> L&rsquo;arr\u00eat de la polyvalence \u00e0 outrance, respect de la qualification et des t\u00e2ches propres aux fiches de postes. <\/li>\n<\/ul>\n<h5> Venez soutenir les salari\u00e9.e.s de Carrefour Bercy, samedi 5 novembre,<br \/>\nqui seront en gr\u00e8ve pour l&rsquo;augmentation des salaires et l&rsquo;am\u00e9lioration des conditions de travail ! <\/h5>\n","protected":false},"excerpt":{"rendered":"<p>Augmentation g\u00e9n\u00e9rale des salaires de 10&nbsp; %. Versement des salaires au plus tard 2 jours ouvr\u00e9s avant la fin du mois. 8 \u20ac \/ jour&hellip; <\/p>\n","protected":false},"author":1,"featured_media":0,"comment_status":"closed","ping_status":"closed","sticky":false,"template":"","format":"standard","meta":{"ngg_post_thumbnail":0,"_jetpack_memberships_contains_paid_content":false,"footnotes":"","_links_to":"","_links_to_target":""},"categories":[3],"tags":[45,20],"class_list":["post-1065","post","type-post","status-publish","format-standard","hentry","category-actualite","tag-luttes","tag-salaires"],"jetpack_featured_media_url":"","jetpack_sharing_enabled":true,"_links":{"self":[{"href":"https:\/\/www.ulcgtivry.fr\/blog\/wp-json\/wp\/v2\/posts\/1065","targetHints":{"allow":["GET"]}}],"collection":[{"href":"https:\/\/www.ulcgtivry.fr\/blog\/wp-json\/wp\/v2\/posts"}],"about":[{"href":"https:\/\/www.ulcgtivry.fr\/blog\/wp-json\/wp\/v2\/types\/post"}],"author":[{"embeddable":true,"href":"https:\/\/www.ulcgtivry.fr\/blog\/wp-json\/wp\/v2\/users\/1"}],"replies":[{"embeddable":true,"href":"https:\/\/www.ulcgtivry.fr\/blog\/wp-json\/wp\/v2\/comments?post=1065"}],"version-history":[{"count":0,"href":"https:\/\/www.ulcgtivry.fr\/blog\/wp-json\/wp\/v2\/posts\/1065\/revisions"}],"wp:attachment":[{"href":"https:\/\/www.ulcgtivry.fr\/blog\/wp-json\/wp\/v2\/media?parent=1065"}],"wp:term":[{"taxonomy":"category","embeddable":true,"href":"https:\/\/www.ulcgtivry.fr\/blog\/wp-json\/wp\/v2\/categories?post=1065"},{"taxonomy":"post_tag","embeddable":true,"href":"https:\/\/www.ulcgtivry.fr\/blog\/wp-json\/wp\/v2\/tags?post=1065"}],"curies":[{"name":"wp","href":"https:\/\/api.w.org\/{rel}","templated":true}]}}