{"id":1110,"date":"2022-11-14T15:53:17","date_gmt":"2022-11-14T14:53:17","guid":{"rendered":"https:\/\/www.ulcgtivry.fr\/blog\/?p=1110"},"modified":"2023-02-02T13:25:20","modified_gmt":"2023-02-02T12:25:20","slug":"stop-aux-violences-sexistes-et-sexuelles","status":"publish","type":"post","link":"https:\/\/www.ulcgtivry.fr\/blog\/2022\/11\/stop-aux-violences-sexistes-et-sexuelles\/","title":{"rendered":"STOP aux violences sexistes et sexuelles !"},"content":{"rendered":"<p><a href=\"https:\/\/www.ulcgtivry.fr\/blog\/wp-content\/uploads\/2022_uploads\/221125_Tract_tx_Ivry.pdf\" target=\"_blank\" rel=\"noopener\"><img loading=\"lazy\" decoding=\"async\" src=\"https:\/\/www.ulcgtivry.fr\/blog\/wp-content\/uploads\/2022_uploads\/221125_Tract_tx_Ivry.png\" alt=\"STOP aux violences sexistes et sexuelles ! \" width=\"250\" height=\"300\" class=\"alignright\"\/><\/a> Depuis le vendredi 4 novembre \u00e0 9h10, les femmes travaillent gratuitement en 2022 (*). <\/p>\n<p>Main d&rsquo;\u0153uvre au statut souvent pr\u00e9caire avec des temps partiels non choisis et occupant des emplois souvent invisibilis\u00e9s, peu valoris\u00e9s\/reconnus et pourtant indispensables au fonctionnement de la soci\u00e9t\u00e9 (auxiliaires de vie, ATSEM, agentes d&rsquo;entretien, caissi\u00e8res&#8230;), les femmes sont les plus expos\u00e9es aux violences sexuelles et sexistes au sein des foyers, de l&rsquo;espace public comme au travail.<\/p>\n<p>Ces violences sexistes et sexuelles restent massives en 2022 et surviennent partout, et tout le temps. Elles trouvent racine dans le patriarcat et se situent au croisement d&rsquo;autres discriminations (racismes, m\u00e9pris de classe, discriminations \u00e0 l&rsquo;\u00e9gard des personnes LGBT+, grosses, \u00e2g\u00e9es, handicap\u00e9es, etc.).<\/p>\n<p>La CGT des Territoriaux d&rsquo;Ivry appelle tou\u2022tes celles et ceux qui veulent en finir avec les violences sexistes et sexuelles \u00e0 se mobiliser en participant \u00e0 2 temps forts :<\/p>\n<p>&nbsp; <\/p>\n<p><center> <\/p>\n<h5>\nSamedi 19 novembre \u00e0 14 h Manif #Noustoutes \u00e0 Paris<br \/>\nD\u00e9part R\u00e9publique <\/h5>\n<p>et <\/p>\n<h5> Vendredi 25 novembre \u00e0 18 h : Rassemblement \u00e0 Ivy<br \/>\nSur le parvis de la Marie. Organis\u00e9 par l&rsquo;Association Femmes Solidaires, avec un femmage aux victimes de f\u00e9minicide en 2022. <\/h5>\n<p> <\/center><\/p>\n<p>&nbsp; <\/p>\n<p>(*) <em><small>Selon un calcul publi\u00e9 par Les Glorieuses r\u00e9alis\u00e9 \u00e0 partir de statistiques europ\u00e9ennes (Eurostat) sur l&rsquo;\u00e9cart de salaires brut moyen entre les femmes et les hommes. Les femmes gagnent en moyenne 15,8 % de moins en 2022, d&rsquo;o\u00f9 l&rsquo;id\u00e9e selon laquelle les femmes travailleraient gratuitement d\u00e9sormais jusqu&rsquo;\u00e0 la fin de l&rsquo;ann\u00e9e.<\/small><\/em><\/p>\n","protected":false},"excerpt":{"rendered":"<p>Depuis le vendredi 4 novembre \u00e0 9h10, les femmes travaillent gratuitement en 2022 (*). Main d&rsquo;\u0153uvre au statut souvent pr\u00e9caire avec des temps partiels non&hellip; <\/p>\n","protected":false},"author":1,"featured_media":0,"comment_status":"closed","ping_status":"closed","sticky":false,"template":"","format":"standard","meta":{"ngg_post_thumbnail":0,"_jetpack_memberships_contains_paid_content":false,"footnotes":"","_links_to":"","_links_to_target":""},"categories":[3,4,61],"tags":[41,43],"class_list":["post-1110","post","type-post","status-publish","format-standard","hentry","category-actualite","category-evenements","category-tracts","tag-discriminations","tag-droits-des-femmes"],"jetpack_featured_media_url":"","jetpack_sharing_enabled":true,"_links":{"self":[{"href":"https:\/\/www.ulcgtivry.fr\/blog\/wp-json\/wp\/v2\/posts\/1110","targetHints":{"allow":["GET"]}}],"collection":[{"href":"https:\/\/www.ulcgtivry.fr\/blog\/wp-json\/wp\/v2\/posts"}],"about":[{"href":"https:\/\/www.ulcgtivry.fr\/blog\/wp-json\/wp\/v2\/types\/post"}],"author":[{"embeddable":true,"href":"https:\/\/www.ulcgtivry.fr\/blog\/wp-json\/wp\/v2\/users\/1"}],"replies":[{"embeddable":true,"href":"https:\/\/www.ulcgtivry.fr\/blog\/wp-json\/wp\/v2\/comments?post=1110"}],"version-history":[{"count":0,"href":"https:\/\/www.ulcgtivry.fr\/blog\/wp-json\/wp\/v2\/posts\/1110\/revisions"}],"wp:attachment":[{"href":"https:\/\/www.ulcgtivry.fr\/blog\/wp-json\/wp\/v2\/media?parent=1110"}],"wp:term":[{"taxonomy":"category","embeddable":true,"href":"https:\/\/www.ulcgtivry.fr\/blog\/wp-json\/wp\/v2\/categories?post=1110"},{"taxonomy":"post_tag","embeddable":true,"href":"https:\/\/www.ulcgtivry.fr\/blog\/wp-json\/wp\/v2\/tags?post=1110"}],"curies":[{"name":"wp","href":"https:\/\/api.w.org\/{rel}","templated":true}]}}