{"id":1132,"date":"2022-11-20T19:06:15","date_gmt":"2022-11-20T18:06:15","guid":{"rendered":"https:\/\/www.ulcgtivry.fr\/blog\/?p=1132"},"modified":"2022-11-20T19:09:21","modified_gmt":"2022-11-20T18:09:21","slug":"stoppons-amazon-avant-quil-ne-soit-trop-tard","status":"publish","type":"post","link":"https:\/\/www.ulcgtivry.fr\/blog\/2022\/11\/stoppons-amazon-avant-quil-ne-soit-trop-tard\/","title":{"rendered":"Stoppons Amazon avant qu\u2019il ne soit trop tard !"},"content":{"rendered":"<p><a href=\"https:\/\/www.ulcgtivry.fr\/blog\/wp-content\/uploads\/2022_uploads\/221123_StopponsAmazon.pdf\" target=\"_blank\" rel=\"noopener\"><img loading=\"lazy\" decoding=\"async\" src=\"https:\/\/www.ulcgtivry.fr\/blog\/wp-content\/uploads\/2022_uploads\/221123_StopponsAmazon.png\" alt=\"Stoppons Amazon\" width=\"250\" height=\"300\" class=\"alignright\"\/><\/a> Alors que les crises sociale et climatique ne cessent de s\u2019aggraver, les grands distributeurs s\u2019appr\u00eatent \u00e0 organiser leur Black Friday vendredi 25 novembre.<\/p>\n<p>Amazon exploite les travailleur.euse.s un peu partout dans le monde ; Amazon d\u00e9truit les r\u00e9seaux locaux de distribution et les libraires ind\u00e9pendants ; Amazon ne paye pas sa part d\u2019imp\u00f4t. Les d\u00e9g\u00e2ts environnementaux que provoquent de telles plateformes sont consid\u00e9rables.<\/p>\n<p>Plut\u00f4t que cliquer pour votre commande, nous vous invitons \u00e0 un d\u00e9bat sur les ravages de la consommation \u00e0 outrance et les effets de la mondialisation sur le droit du travail \u00e0 travers le monde <\/p>\n<h5> <center> Mercredi 23 novembre \u00e0 19h<br \/>\nEspace Robespierre, salle 2<br \/>\n2 rue Robespierre, Ivry sur Seine<br \/>\nM\u00e9tro ligne 7, Mairie d&rsquo;Ivry <\/center> <\/h5>\n<p>R\u00e9union publique de d\u00e9bats et d\u2019\u00e9changes propos\u00e9e par Attac Seine Amont, UL-CGT et UL-Sud Solidaires<\/p>\n","protected":false},"excerpt":{"rendered":"<p>Alors que les crises sociale et climatique ne cessent de s\u2019aggraver, les grands distributeurs s\u2019appr\u00eatent \u00e0 organiser leur Black Friday vendredi 25 novembre. Amazon exploite&hellip; <\/p>\n","protected":false},"author":1,"featured_media":0,"comment_status":"closed","ping_status":"closed","sticky":false,"template":"","format":"standard","meta":{"ngg_post_thumbnail":0,"_jetpack_memberships_contains_paid_content":false,"footnotes":"","_links_to":"","_links_to_target":""},"categories":[3,4],"tags":[46,42,45],"class_list":["post-1132","post","type-post","status-publish","format-standard","hentry","category-actualite","category-evenements","tag-commerce","tag-droits-sociaux","tag-luttes"],"jetpack_featured_media_url":"","jetpack_sharing_enabled":true,"_links":{"self":[{"href":"https:\/\/www.ulcgtivry.fr\/blog\/wp-json\/wp\/v2\/posts\/1132","targetHints":{"allow":["GET"]}}],"collection":[{"href":"https:\/\/www.ulcgtivry.fr\/blog\/wp-json\/wp\/v2\/posts"}],"about":[{"href":"https:\/\/www.ulcgtivry.fr\/blog\/wp-json\/wp\/v2\/types\/post"}],"author":[{"embeddable":true,"href":"https:\/\/www.ulcgtivry.fr\/blog\/wp-json\/wp\/v2\/users\/1"}],"replies":[{"embeddable":true,"href":"https:\/\/www.ulcgtivry.fr\/blog\/wp-json\/wp\/v2\/comments?post=1132"}],"version-history":[{"count":0,"href":"https:\/\/www.ulcgtivry.fr\/blog\/wp-json\/wp\/v2\/posts\/1132\/revisions"}],"wp:attachment":[{"href":"https:\/\/www.ulcgtivry.fr\/blog\/wp-json\/wp\/v2\/media?parent=1132"}],"wp:term":[{"taxonomy":"category","embeddable":true,"href":"https:\/\/www.ulcgtivry.fr\/blog\/wp-json\/wp\/v2\/categories?post=1132"},{"taxonomy":"post_tag","embeddable":true,"href":"https:\/\/www.ulcgtivry.fr\/blog\/wp-json\/wp\/v2\/tags?post=1132"}],"curies":[{"name":"wp","href":"https:\/\/api.w.org\/{rel}","templated":true}]}}