{"id":1136,"date":"2022-11-20T19:29:41","date_gmt":"2022-11-20T18:29:41","guid":{"rendered":"https:\/\/www.ulcgtivry.fr\/blog\/?p=1136"},"modified":"2022-11-21T23:24:50","modified_gmt":"2022-11-21T22:24:50","slug":"a-la-lumiere-de-la-greve-des-cheminots-de-villeneuve-saint-georges-en-1920","status":"publish","type":"post","link":"https:\/\/www.ulcgtivry.fr\/blog\/2022\/11\/a-la-lumiere-de-la-greve-des-cheminots-de-villeneuve-saint-georges-en-1920\/","title":{"rendered":"\u00c0 la lumi\u00e8re de la gr\u00e8ve des cheminots de Villeneuve-Saint-Georges en 1920"},"content":{"rendered":"<p><a href=\"https:\/\/www.ulcgtivry.fr\/blog\/wp-content\/uploads\/2022_uploads\/221205_cheminotsVSG.pdf\" target=\"_blank\" rel=\"noopener\"><img loading=\"lazy\" decoding=\"async\" src=\"https:\/\/www.ulcgtivry.fr\/blog\/wp-content\/uploads\/2022_uploads\/221205_cheminotsVSG.jpg\" alt=\"gr\u00e8ve des cheminots de Villeneuve-Saint-Georges en 1920 \" width=\"250\" height=\"300\" class=\"alignright\"\/><\/a> Pacifiste, avant-guerre, la direction de la CGT lors du confit en 1914 va accepter de soutenir l&rsquo;Union Sacr\u00e9e, qui r\u00e9unit dans un m\u00e8me gouvernement les partis politiques de droite et la SFIO. \u00c0 la fin d&rsquo;un confit qui a fait des millions de morts, alors qu&rsquo;une r\u00e9volution ouvri\u00e8re vient de triompher \u00c0 Moscou, l&rsquo;id\u00c9e que le r\u00e9gime capitaliste serait le premier responsable de la guerre progresse chez les militants.<\/p>\n<p>Pour la CGT la question se pose de savoir si elle doit continuer a oeuvrer pour l&rsquo;Union Sacr\u00e9e et tenter d&rsquo;obtenir des avanc\u00e9es en m\u00e8me temps qu&rsquo;elle participe a la reconstruction du pays ou si, au contraire, l&rsquo;urgence ne serait pas d&rsquo;en finir avec le Capitalisme et d&rsquo;avancer r\u00e9solument vers une soci\u00e9te nouvelle.<\/p>\n<p><strong>La gr\u00e8ve des cheminots de Villeneuve-Saint-Georges \u00e0 partir de 1920 va \u00eatre le catalyseur de ce d\u00e9bat. <\/strong><\/p>\n<p>Aujourd&rsquo;hui o\u00f9 le syst\u00e8me capitalisme traverse, une crise dont on peut craindre l&rsquo;ampleur des cons\u00e9quences. Ces m\u00eames questions se posent : de quel type de syndicalisme avons-nous besoin ?<\/p>\n<p>&nbsp; <\/p>\n<h5> <center> Conf\u00e9rence et d\u00e9bat <\/p>\n<p>Lundi 5 d\u00e9cembre 2022 \u00e0 14h<br \/>\nSalle 1 de la Maison d\u00e9partementale des syndicats,<br \/>\n\u00e0 Cr\u00e9teil <\/center><\/h5>\n<ul>\n<li> Pr\u00e9sentation de Lionel Le Bruchec, professeur d&rsquo;histoire, \u00e0 partir de son livre Les Cheminots de Villeneuve Saint-Georges, 1920-1921 &#8211; Naissance du communisme dans une concentration ouvri\u00e8re. <\/li>\n<li> Intervention de Jacques Aubert, Pr\u00e9sident de l&rsquo;institut d&rsquo;histoire sociale du Val-de-Marne (IHS 94). La cr\u00e9ation de la CGTU. <\/li>\n<li> D\u00e9bat en pr\u00e9sence de Laurent Brun, Secr\u00e9taire g\u00e9n\u00e9ral de la F\u00e9d\u00e9ration CGT  des Cheminots. <\/li>\n<\/ul>\n","protected":false},"excerpt":{"rendered":"<p>Pacifiste, avant-guerre, la direction de la CGT lors du confit en 1914 va accepter de soutenir l&rsquo;Union Sacr\u00e9e, qui r\u00e9unit dans un m\u00e8me gouvernement les&hellip; <\/p>\n","protected":false},"author":1,"featured_media":0,"comment_status":"closed","ping_status":"closed","sticky":false,"template":"","format":"standard","meta":{"ngg_post_thumbnail":0,"_jetpack_memberships_contains_paid_content":false,"footnotes":"","_links_to":"","_links_to_target":""},"categories":[3,4],"tags":[45,30],"class_list":["post-1136","post","type-post","status-publish","format-standard","hentry","category-actualite","category-evenements","tag-luttes","tag-mouvement-ouvrier"],"jetpack_featured_media_url":"","jetpack_sharing_enabled":true,"_links":{"self":[{"href":"https:\/\/www.ulcgtivry.fr\/blog\/wp-json\/wp\/v2\/posts\/1136","targetHints":{"allow":["GET"]}}],"collection":[{"href":"https:\/\/www.ulcgtivry.fr\/blog\/wp-json\/wp\/v2\/posts"}],"about":[{"href":"https:\/\/www.ulcgtivry.fr\/blog\/wp-json\/wp\/v2\/types\/post"}],"author":[{"embeddable":true,"href":"https:\/\/www.ulcgtivry.fr\/blog\/wp-json\/wp\/v2\/users\/1"}],"replies":[{"embeddable":true,"href":"https:\/\/www.ulcgtivry.fr\/blog\/wp-json\/wp\/v2\/comments?post=1136"}],"version-history":[{"count":0,"href":"https:\/\/www.ulcgtivry.fr\/blog\/wp-json\/wp\/v2\/posts\/1136\/revisions"}],"wp:attachment":[{"href":"https:\/\/www.ulcgtivry.fr\/blog\/wp-json\/wp\/v2\/media?parent=1136"}],"wp:term":[{"taxonomy":"category","embeddable":true,"href":"https:\/\/www.ulcgtivry.fr\/blog\/wp-json\/wp\/v2\/categories?post=1136"},{"taxonomy":"post_tag","embeddable":true,"href":"https:\/\/www.ulcgtivry.fr\/blog\/wp-json\/wp\/v2\/tags?post=1136"}],"curies":[{"name":"wp","href":"https:\/\/api.w.org\/{rel}","templated":true}]}}