{"id":1140,"date":"2022-11-20T20:12:08","date_gmt":"2022-11-20T19:12:08","guid":{"rendered":"https:\/\/www.ulcgtivry.fr\/blog\/?p=1140"},"modified":"2022-11-21T09:47:40","modified_gmt":"2022-11-21T08:47:40","slug":"salon-du-live-dhistoire-sociale","status":"publish","type":"post","link":"https:\/\/www.ulcgtivry.fr\/blog\/2022\/11\/salon-du-live-dhistoire-sociale\/","title":{"rendered":"Salon du livre d&rsquo;histoire sociale"},"content":{"rendered":"\n<table id=\"tablepress-8\" class=\"tablepress tablepress-id-8\">\n<tbody class=\"row-striping row-hover\">\n<tr class=\"row-1\">\n\t<td class=\"column-1\"><a href=\"https:\/\/www.ihs.cgt.fr\/salon-du-livre-dhistoire-sociale\/\"><img loading=\"lazy\" decoding=\"async\" src=\"https:\/\/www.ulcgtivry.fr\/blog\/wp-content\/uploads\/2022_uploads\/221129_Salondulivre.jpg\" alt=\"Salon du livre \" width=\"250\" height=\"300\"\/><\/a><\/td><td class=\"column-2\">&nbsp; <br \/>\n<br \/>\n&nbsp; <br \/>\n<br \/>\nCette initiative est un moment fort de l'activit\u00e9 de l'Institut CGT d'histoire sociale. Elle a pour objectif de promouvoir, par la lecture, la connaissance de l'histoire sociale nationale et internationale. <br \/>\n<br \/>\nDe nombreux auteurs, \u00e9diteurs et instituts d'histoire sociale issus des professions et des territoires seront r\u00e9unis ce jour-l\u00e0 pour vous proposer leurs publications.<br \/>\n<br \/>\n<em> Cliquez sur l'image pour acc\u00e9der au site de l'institut de l'histoire sociale et  au programme complet. <\/em> <br \/>\n<\/td>\n<\/tr>\n<\/tbody>\n<\/table>\n<!-- #tablepress-8 from cache -->\n<h6> <center>Programme <\/center><\/h6>\n<ul>\n<li> 9h :  ouverture du Salon <\/li>\n<li> 11h : micro-d\u00e9bats avec les auteurs <\/li>\n<li> 12h30 : inauguration du Salon, en pr\u00e9sence de Philippe Martinez, secr\u00e9taire g\u00e9n\u00e9ral de la CGT et Gilbert Garrel, pr\u00e9sident de l&rsquo;IHS CGT. <\/li>\n<li> 14h30 : d\u00e9bat \u00ab&nbsp;Les travailleurs et les grands rendez-vous de l&rsquo;histoire sociale&nbsp;\u00bb, avec la participation de Marie-Jos\u00e9e Kotlicki, Bernard Thibault, St\u00e9phane Sirot et Xavier Vigna. <\/li>\n<li> 16h : micro-d\u00e9bats avec les auteurs. <\/li>\n<\/ul>\n","protected":false},"excerpt":{"rendered":"<p>Programme 9h : ouverture du Salon 11h : micro-d\u00e9bats avec les auteurs 12h30 : inauguration du Salon, en pr\u00e9sence de Philippe Martinez, secr\u00e9taire g\u00e9n\u00e9ral de&hellip; <\/p>\n","protected":false},"author":1,"featured_media":0,"comment_status":"closed","ping_status":"closed","sticky":false,"template":"","format":"standard","meta":{"ngg_post_thumbnail":0,"_jetpack_memberships_contains_paid_content":false,"footnotes":"","_links_to":"","_links_to_target":""},"categories":[3,4],"tags":[30],"class_list":["post-1140","post","type-post","status-publish","format-standard","hentry","category-actualite","category-evenements","tag-mouvement-ouvrier"],"jetpack_featured_media_url":"","jetpack_sharing_enabled":true,"_links":{"self":[{"href":"https:\/\/www.ulcgtivry.fr\/blog\/wp-json\/wp\/v2\/posts\/1140","targetHints":{"allow":["GET"]}}],"collection":[{"href":"https:\/\/www.ulcgtivry.fr\/blog\/wp-json\/wp\/v2\/posts"}],"about":[{"href":"https:\/\/www.ulcgtivry.fr\/blog\/wp-json\/wp\/v2\/types\/post"}],"author":[{"embeddable":true,"href":"https:\/\/www.ulcgtivry.fr\/blog\/wp-json\/wp\/v2\/users\/1"}],"replies":[{"embeddable":true,"href":"https:\/\/www.ulcgtivry.fr\/blog\/wp-json\/wp\/v2\/comments?post=1140"}],"version-history":[{"count":0,"href":"https:\/\/www.ulcgtivry.fr\/blog\/wp-json\/wp\/v2\/posts\/1140\/revisions"}],"wp:attachment":[{"href":"https:\/\/www.ulcgtivry.fr\/blog\/wp-json\/wp\/v2\/media?parent=1140"}],"wp:term":[{"taxonomy":"category","embeddable":true,"href":"https:\/\/www.ulcgtivry.fr\/blog\/wp-json\/wp\/v2\/categories?post=1140"},{"taxonomy":"post_tag","embeddable":true,"href":"https:\/\/www.ulcgtivry.fr\/blog\/wp-json\/wp\/v2\/tags?post=1140"}],"curies":[{"name":"wp","href":"https:\/\/api.w.org\/{rel}","templated":true}]}}