{"id":1152,"date":"2022-11-21T17:31:23","date_gmt":"2022-11-21T16:31:23","guid":{"rendered":"https:\/\/www.ulcgtivry.fr\/blog\/?p=1152"},"modified":"2022-11-21T17:38:54","modified_gmt":"2022-11-21T16:38:54","slug":"10-mesures-prioritaires-pour-la-fonction-publique","status":"publish","type":"post","link":"https:\/\/www.ulcgtivry.fr\/blog\/2022\/11\/10-mesures-prioritaires-pour-la-fonction-publique\/","title":{"rendered":"10 mesures prioritaires pour la fonction publique"},"content":{"rendered":"<p><a href=\"https:\/\/www.ulcgtivry.fr\/blog\/wp-content\/uploads\/2022_uploads\/221120_4PagesFP-Nov2022.pdf\" target=\"_blank\" rel=\"noopener\"><img loading=\"lazy\" decoding=\"async\" src=\"https:\/\/www.ulcgtivry.fr\/blog\/wp-content\/uploads\/2022_uploads\/221120_4PagesFP-Nov2022.png\" alt=\"10 MESURES PRIORITAIRES POUR LA FONCTION PUBLIQUE\" width=\"300\" height=\"270\" class=\"alignright\"\/><\/a> Soucieuse de l&rsquo;int\u00e9r\u00eat g\u00e9n\u00e9ral, de la qualit\u00e9 du service public rendu \u00e0 la population et des conditions de travail et de vie des agentes et des agents, la CGT porte des propositions et des revendications dont les principales sont d\u00e9taill\u00e9es dans le document ci-contre <em>(cliquez sur l&rsquo;image pour afficher le document, effectuez un clic droit pour le t\u00e9l\u00e9charger sur votre ordinateur)<\/em>.<\/p>\n<h5> 10 MESURES PRIORITAIRES POUR LA FONCTION PUBLIQUE <\/h6>\n<ul>\n<li> 1. Un plan de d\u00e9mocratisation du service public assurant un v\u00e9ritable contr\u00f4le citoyen. <\/li>\n<li> 2.  Un nouveau plan de titularisation. <\/li>\n<li> 3. 500 000 emplois suppl\u00e9mentaires pour r\u00e9pondre aux besoins. <\/li>\n<li> 4. L&rsquo;\u00e9galit\u00e9 salariale entre les femmes et les hommes.<\/li>\n<li> 5. 10 % de hausse de la valeur du point d&rsquo;indice tout de suite et l&rsquo;indexation des salaires sur l&rsquo;inflation. <\/li>\n<li> 6. L&rsquo;am\u00e9lioration des grilles indiciaires et d\u00e9roulements de carri\u00e8re. <\/li>\n<li> 7. Le retrait du projet Macron de r\u00e9forme des retraites et l&rsquo;am\u00e9lioration du syst\u00e8me existant. <\/li>\n<li> 8. La r\u00e9duction du temps de travail \u00e0 32h. <\/li>\n<li> 9. Des plans contraignants d&rsquo;am\u00e9lioration des conditions de travail. <\/li>\n<li> 10. Un investissement massif dans la formation professionnelle.<\/li>\n<\/ul>\n<p><center><a href=\"https:\/\/www.ulcgtivry.fr\/blog\/wp-content\/uploads\/2022_uploads\/221120_Elections_FP.jpg\"><img loading=\"lazy\" decoding=\"async\" src=\"https:\/\/www.ulcgtivry.fr\/blog\/wp-content\/uploads\/2022_uploads\/221120_Elections_FP.jpg\" alt=\"Votez CGT\" width=\"300\" height=\"250\"\/><\/a> <\/center><\/p>\n<p>&nbsp; <\/p>\n","protected":false},"excerpt":{"rendered":"<p>Soucieuse de l&rsquo;int\u00e9r\u00eat g\u00e9n\u00e9ral, de la qualit\u00e9 du service public rendu \u00e0 la population et des conditions de travail et de vie des agentes et&hellip; <\/p>\n","protected":false},"author":1,"featured_media":0,"comment_status":"closed","ping_status":"closed","sticky":false,"template":"","format":"standard","meta":{"ngg_post_thumbnail":0,"_jetpack_memberships_contains_paid_content":false,"footnotes":"","_links_to":"","_links_to_target":""},"categories":[3],"tags":[36],"class_list":["post-1152","post","type-post","status-publish","format-standard","hentry","category-actualite","tag-fonction-publique"],"jetpack_featured_media_url":"","jetpack_sharing_enabled":true,"_links":{"self":[{"href":"https:\/\/www.ulcgtivry.fr\/blog\/wp-json\/wp\/v2\/posts\/1152","targetHints":{"allow":["GET"]}}],"collection":[{"href":"https:\/\/www.ulcgtivry.fr\/blog\/wp-json\/wp\/v2\/posts"}],"about":[{"href":"https:\/\/www.ulcgtivry.fr\/blog\/wp-json\/wp\/v2\/types\/post"}],"author":[{"embeddable":true,"href":"https:\/\/www.ulcgtivry.fr\/blog\/wp-json\/wp\/v2\/users\/1"}],"replies":[{"embeddable":true,"href":"https:\/\/www.ulcgtivry.fr\/blog\/wp-json\/wp\/v2\/comments?post=1152"}],"version-history":[{"count":0,"href":"https:\/\/www.ulcgtivry.fr\/blog\/wp-json\/wp\/v2\/posts\/1152\/revisions"}],"wp:attachment":[{"href":"https:\/\/www.ulcgtivry.fr\/blog\/wp-json\/wp\/v2\/media?parent=1152"}],"wp:term":[{"taxonomy":"category","embeddable":true,"href":"https:\/\/www.ulcgtivry.fr\/blog\/wp-json\/wp\/v2\/categories?post=1152"},{"taxonomy":"post_tag","embeddable":true,"href":"https:\/\/www.ulcgtivry.fr\/blog\/wp-json\/wp\/v2\/tags?post=1152"}],"curies":[{"name":"wp","href":"https:\/\/api.w.org\/{rel}","templated":true}]}}