{"id":1179,"date":"2022-11-25T19:57:41","date_gmt":"2022-11-25T18:57:41","guid":{"rendered":"https:\/\/www.ulcgtivry.fr\/blog\/?p=1179"},"modified":"2022-11-25T19:57:41","modified_gmt":"2022-11-25T18:57:41","slug":"pour-le-black-friday-amazon-peut-casser-les-prix-pas-les-salaires","status":"publish","type":"post","link":"https:\/\/www.ulcgtivry.fr\/blog\/2022\/11\/pour-le-black-friday-amazon-peut-casser-les-prix-pas-les-salaires\/","title":{"rendered":"Pour le Black Friday, Amazon peut casser les prix, pas les salaires"},"content":{"rendered":"<p>Une journ\u00e9e de mobilisation est organis\u00e9e le 25 novembre en France et partout dans le monde o\u00f9 est implant\u00e9 Amazon pour une revalorisation des salaires et de meilleures conditions de travail. Le Black Friday sera un vendredi noir pour le g\u00e9ant du e-commerce.<\/p>\n<p>Lire la suite sur le <a href=\"https:\/\/www.cgt.fr\/actualites\/france\/services\/mobilisation\/pour-le-black-friday-amazon-peut-casser-les-prix-pas-les-salaires\">site de la CGT<\/a>.<\/p>\n","protected":false},"excerpt":{"rendered":"<p>Une journ\u00e9e de mobilisation est organis\u00e9e le 25 novembre en France et partout dans le monde o\u00f9 est implant\u00e9 Amazon pour une revalorisation des salaires&hellip; <\/p>\n","protected":false},"author":1,"featured_media":0,"comment_status":"closed","ping_status":"closed","sticky":false,"template":"","format":"standard","meta":{"ngg_post_thumbnail":0,"_jetpack_memberships_contains_paid_content":false,"footnotes":"","_links_to":"","_links_to_target":""},"categories":[3],"tags":[46,45,56,20],"class_list":["post-1179","post","type-post","status-publish","format-standard","hentry","category-actualite","tag-commerce","tag-luttes","tag-pouvoir-dachat","tag-salaires"],"jetpack_featured_media_url":"","jetpack_sharing_enabled":true,"_links":{"self":[{"href":"https:\/\/www.ulcgtivry.fr\/blog\/wp-json\/wp\/v2\/posts\/1179","targetHints":{"allow":["GET"]}}],"collection":[{"href":"https:\/\/www.ulcgtivry.fr\/blog\/wp-json\/wp\/v2\/posts"}],"about":[{"href":"https:\/\/www.ulcgtivry.fr\/blog\/wp-json\/wp\/v2\/types\/post"}],"author":[{"embeddable":true,"href":"https:\/\/www.ulcgtivry.fr\/blog\/wp-json\/wp\/v2\/users\/1"}],"replies":[{"embeddable":true,"href":"https:\/\/www.ulcgtivry.fr\/blog\/wp-json\/wp\/v2\/comments?post=1179"}],"version-history":[{"count":0,"href":"https:\/\/www.ulcgtivry.fr\/blog\/wp-json\/wp\/v2\/posts\/1179\/revisions"}],"wp:attachment":[{"href":"https:\/\/www.ulcgtivry.fr\/blog\/wp-json\/wp\/v2\/media?parent=1179"}],"wp:term":[{"taxonomy":"category","embeddable":true,"href":"https:\/\/www.ulcgtivry.fr\/blog\/wp-json\/wp\/v2\/categories?post=1179"},{"taxonomy":"post_tag","embeddable":true,"href":"https:\/\/www.ulcgtivry.fr\/blog\/wp-json\/wp\/v2\/tags?post=1179"}],"curies":[{"name":"wp","href":"https:\/\/api.w.org\/{rel}","templated":true}]}}