{"id":1181,"date":"2022-11-25T20:02:58","date_gmt":"2022-11-25T19:02:58","guid":{"rendered":"https:\/\/www.ulcgtivry.fr\/blog\/?p=1181"},"modified":"2022-11-25T20:02:58","modified_gmt":"2022-11-25T19:02:58","slug":"non-a-la-contractualisation-de-la-fonction-publique","status":"publish","type":"post","link":"https:\/\/www.ulcgtivry.fr\/blog\/2022\/11\/non-a-la-contractualisation-de-la-fonction-publique\/","title":{"rendered":"Non \u00e0 la contractualisation de la fonction publique"},"content":{"rendered":"<p>Avec 5,5 millions de fonctionnaires, la fonction publique est le premier employeur de France. Un employeur qui malm\u00e8ne parfois ses travailleurs ; privatisation, diminution des effectifs, r\u00e9organisations fr\u00e9quentes d\u00e9gradent non seulement la qualit\u00e9 du service public, mais aussi la vie de tous ceux qui travaillent pour la fonction publique\u2026<\/p>\n<h5> Les contractuels de plus en plus nombreux <\/h5>\n<p>Elles et ils sont plus de 1,12 million, soit plus de 20 % de l\u2019ensemble des fonctionnaires \u00e0 \u00eatre contractuels, c\u2019est-\u00e0-dire \u00e0 ne pas b\u00e9n\u00e9ficier du statut de fonctionnaire tout en travaillant dans l\u2019une des 3 fonctions publiques (\u00c9tat, hospitali\u00e8re, territoriale).<\/p>\n<h5> Et \u00e7a ne va pas aller en s\u2019arrangeant. <\/h5>\n<p>Lire la suite sur le <a href=\"https:\/\/www.cgt.fr\/actualites\/france\/services-publics\/elections\/non-la-contractualisation-de-la-fonction-publique\">site de la CGT<\/a>.<\/p>\n","protected":false},"excerpt":{"rendered":"<p>Avec 5,5 millions de fonctionnaires, la fonction publique est le premier employeur de France. Un employeur qui malm\u00e8ne parfois ses travailleurs ; privatisation, diminution des&hellip; <\/p>\n","protected":false},"author":1,"featured_media":0,"comment_status":"closed","ping_status":"closed","sticky":false,"template":"","format":"standard","meta":{"ngg_post_thumbnail":0,"_jetpack_memberships_contains_paid_content":false,"footnotes":"","_links_to":"","_links_to_target":""},"categories":[3],"tags":[36,37],"class_list":["post-1181","post","type-post","status-publish","format-standard","hentry","category-actualite","tag-fonction-publique","tag-sevices-publics"],"jetpack_featured_media_url":"","jetpack_sharing_enabled":true,"_links":{"self":[{"href":"https:\/\/www.ulcgtivry.fr\/blog\/wp-json\/wp\/v2\/posts\/1181","targetHints":{"allow":["GET"]}}],"collection":[{"href":"https:\/\/www.ulcgtivry.fr\/blog\/wp-json\/wp\/v2\/posts"}],"about":[{"href":"https:\/\/www.ulcgtivry.fr\/blog\/wp-json\/wp\/v2\/types\/post"}],"author":[{"embeddable":true,"href":"https:\/\/www.ulcgtivry.fr\/blog\/wp-json\/wp\/v2\/users\/1"}],"replies":[{"embeddable":true,"href":"https:\/\/www.ulcgtivry.fr\/blog\/wp-json\/wp\/v2\/comments?post=1181"}],"version-history":[{"count":0,"href":"https:\/\/www.ulcgtivry.fr\/blog\/wp-json\/wp\/v2\/posts\/1181\/revisions"}],"wp:attachment":[{"href":"https:\/\/www.ulcgtivry.fr\/blog\/wp-json\/wp\/v2\/media?parent=1181"}],"wp:term":[{"taxonomy":"category","embeddable":true,"href":"https:\/\/www.ulcgtivry.fr\/blog\/wp-json\/wp\/v2\/categories?post=1181"},{"taxonomy":"post_tag","embeddable":true,"href":"https:\/\/www.ulcgtivry.fr\/blog\/wp-json\/wp\/v2\/tags?post=1181"}],"curies":[{"name":"wp","href":"https:\/\/api.w.org\/{rel}","templated":true}]}}