{"id":1183,"date":"2022-11-30T13:21:31","date_gmt":"2022-11-30T12:21:31","guid":{"rendered":"https:\/\/www.ulcgtivry.fr\/blog\/?p=1183"},"modified":"2023-02-02T13:26:43","modified_gmt":"2023-02-02T12:26:43","slug":"pour-le-pouvoir-dachat-et-laugmentation-des-pensions-rassemblement-mardi-6-decembre-2022-a-14-h","status":"publish","type":"post","link":"https:\/\/www.ulcgtivry.fr\/blog\/2022\/11\/pour-le-pouvoir-dachat-et-laugmentation-des-pensions-rassemblement-mardi-6-decembre-2022-a-14-h\/","title":{"rendered":"Pour le pouvoir d&rsquo;achat et l&rsquo;augmentation des pensions&#8230;<br>rassemblement mardi 6 d\u00e9cembre 2022 \u00e0 14 h"},"content":{"rendered":"<h5>   <center> Vie qui augmente, baisse des pensions\u2026<br \/>\nUne seule r\u00e9ponse : mobilisation ! <\/center> <\/h5>\n<p>Tout augmente et particuli\u00e8rement le prix des produits de premi\u00e8re n\u00e9cessit\u00e9 : huiles + 60%, poisson frais + 16,5%, farine + 22 %, p\u00e2tes + 20 %&#8230; Les prix de l&rsquo;\u00e9nergie explosent\u2026 Et ce mauvais sc\u00e9nario inflationniste risque de durer et de s&rsquo;amplifier.<\/p>\n<p>Si rien n&rsquo;est fait, c&rsquo;est l&rsquo;appauvrissement des pr\u00e8s de deux millions de retrait\u00e9-e-s en \u00cele-de-France qui est programm\u00e9, avec ses cons\u00e9quences dramatiques et des choix corn\u00e9liens \u00e0 faire entre se nourrir, se chauffer ou se soigner.<\/p>\n<h5> Cette perspective est insupportable et d&rsquo;un autre \u00e2ge ! <\/h5>\n<p><a href=\"https:\/\/www.ulcgtivry.fr\/blog\/wp-content\/uploads\/2022_uploads\/221206_manif_Medef.jpg\"><img loading=\"lazy\" decoding=\"async\" src=\"https:\/\/www.ulcgtivry.fr\/blog\/wp-content\/uploads\/2022_uploads\/221206_manif_Medef.jpg\" alt=\"manifestation 6 d\u00e9cembre 2022\" width=\"250\" height=\"300\" class=\"alignleft\"\/><\/a> D&rsquo;autant plus que notre pays n&rsquo;a jamais \u00e9t\u00e9 aussi riche. Il suffit de regarder les profits du seul CAC 40 et des dividendes vers\u00e9s aux actionnaires en 2022. Ils battent tous les records. Mais le gouvernement n&rsquo;y voit pas de superprofits. Sa c\u00e9cit\u00e9 n&rsquo;est pas une surprise et le pr\u00e9sident des riches n&rsquo;a pas oubli\u00e9 d&rsquo;o\u00f9 il venait. Il faut pr\u00e9server le capital et faire des \u00e9conomies quoi qu&rsquo;il en co\u00fbte. Le projet de r\u00e9forme des retraites s&rsquo;inscrit dans cette optique.<\/p>\n<h5> Les retrait\u00e9-e-s apr\u00e8s une vie de travail ont le droit de vivre dignement.<\/h5>\n<p> &nbsp;<\/p>\n<h5> Actifs et retrait\u00e9.e.s, m\u00eame combat ! <\/h5>\n<p>Augmenter les salaires, ce sont des cotisations sociales suppl\u00e9mentaires pour les caisses de retraite.<br \/>\nDe m\u00eame, il faut stopper leurs exon\u00e9rations pour les patrons qui plus est sans \u00e9valuations et contreparties.<\/p>\n<h5> La CGT revendique : <\/h5>\n<ul>\n<li> Pas une pension en dessous de 2000 \u20ac. <\/li>\n<li> Une augmentation minimum des retraites compl\u00e9mentaires de 6,2 %. <\/li>\n<li> L&rsquo;indexation des pensions sur les salaires. <\/li>\n<\/ul>\n<h5> <center> RASSEMBLEMENT MARDI 6 D\u00c9CEMBRE 2022<br \/>\n\u00c0 14H00 DEVANT LE SI\u00c8GE DU MEDEF<br \/>\n55 AVENUE BOSQUET, 75007 PARIS (M\u00e9tro \u00c9cole Militaire) <\/center><\/h5>\n","protected":false},"excerpt":{"rendered":"<p>Vie qui augmente, baisse des pensions\u2026 Une seule r\u00e9ponse : mobilisation ! Tout augmente et particuli\u00e8rement le prix des produits de premi\u00e8re n\u00e9cessit\u00e9 : huiles&hellip; <\/p>\n","protected":false},"author":1,"featured_media":0,"comment_status":"closed","ping_status":"closed","sticky":false,"template":"","format":"standard","meta":{"ngg_post_thumbnail":0,"_jetpack_memberships_contains_paid_content":false,"footnotes":"","_links_to":"","_links_to_target":""},"categories":[3,4,47,61],"tags":[56,48],"class_list":["post-1183","post","type-post","status-publish","format-standard","hentry","category-actualite","category-evenements","category-retraites","category-tracts","tag-pouvoir-dachat","tag-retraites"],"jetpack_featured_media_url":"","jetpack_sharing_enabled":true,"_links":{"self":[{"href":"https:\/\/www.ulcgtivry.fr\/blog\/wp-json\/wp\/v2\/posts\/1183","targetHints":{"allow":["GET"]}}],"collection":[{"href":"https:\/\/www.ulcgtivry.fr\/blog\/wp-json\/wp\/v2\/posts"}],"about":[{"href":"https:\/\/www.ulcgtivry.fr\/blog\/wp-json\/wp\/v2\/types\/post"}],"author":[{"embeddable":true,"href":"https:\/\/www.ulcgtivry.fr\/blog\/wp-json\/wp\/v2\/users\/1"}],"replies":[{"embeddable":true,"href":"https:\/\/www.ulcgtivry.fr\/blog\/wp-json\/wp\/v2\/comments?post=1183"}],"version-history":[{"count":0,"href":"https:\/\/www.ulcgtivry.fr\/blog\/wp-json\/wp\/v2\/posts\/1183\/revisions"}],"wp:attachment":[{"href":"https:\/\/www.ulcgtivry.fr\/blog\/wp-json\/wp\/v2\/media?parent=1183"}],"wp:term":[{"taxonomy":"category","embeddable":true,"href":"https:\/\/www.ulcgtivry.fr\/blog\/wp-json\/wp\/v2\/categories?post=1183"},{"taxonomy":"post_tag","embeddable":true,"href":"https:\/\/www.ulcgtivry.fr\/blog\/wp-json\/wp\/v2\/tags?post=1183"}],"curies":[{"name":"wp","href":"https:\/\/api.w.org\/{rel}","templated":true}]}}