{"id":1226,"date":"2022-12-06T17:06:43","date_gmt":"2022-12-06T16:06:43","guid":{"rendered":"https:\/\/www.ulcgtivry.fr\/blog\/?p=1226"},"modified":"2022-12-06T17:12:24","modified_gmt":"2022-12-06T16:12:24","slug":"face-aux-enjeux-lile-de-france-merite-une-autre-politique-des-transports","status":"publish","type":"post","link":"https:\/\/www.ulcgtivry.fr\/blog\/2022\/12\/face-aux-enjeux-lile-de-france-merite-une-autre-politique-des-transports\/","title":{"rendered":"Face aux enjeux, l\u2019\u00cele-de-France m\u00e9rite une autre politique des transports"},"content":{"rendered":"<h5> Communiqu\u00e9 de presse de l&rsquo;Union r\u00e9gionale CGT d&rsquo;\u00cele-de-France et la FSU \u00cele-de-France. <\/h5>\n<p>Depuis pr\u00e8s d\u2019une vingtaine d\u2019ann\u00e9es, les transports urbains se d\u00e9gradent tant en quantit\u00e9 d\u2019offre qu\u2019en qualit\u00e9. Cela r\u00e9sulte des choix dogmatiques qui ont \u00e9t\u00e9 faits et qui consid\u00e8rent le service public de transport en commun comme un bien marchand \u00e0 part enti\u00e8re. Accroissement des fr\u00e9quences (entre chaque Bus, m\u00e9tro, tramway ou train), multiplication des incidents techniques, rames bond\u00e9es, temps de parcours allong\u00e9s sont le quotidien des voyageuses et voyageurs des r\u00e9seaux franciliens. <!--more--><\/p>\n<p><a href=\"https:\/\/ulcgtivry.fr\/blog\/wp-content\/uploads\/2022_uploads\/221207_STOPGALERE-RASSEMBLEMENT.pdf\" target=\"_blank\" rel=\"noopener\"><img loading=\"lazy\" decoding=\"async\" src=\"https:\/\/www.usrcgt94.fr\/wp-content\/uploads\/2022_uploads\/221207_STOPGALERE-RASSEMBLEMENT.pdf\" alt=\"Stop Gal\u00e8re \" width=\"250\" height=\"300\" class=\"alignleft\"\/><\/a>De leur c\u00f4t\u00e9 les agents des entreprises voient des projets se succ\u00e9der qui d\u00e9sorganisent en permanence les collectifs de travail, d\u00e9gradent les conditions de travail et de vie au travail. A cela s\u2019ajoute bien \u00e9videmment des politiques salariales qui ne permettent pas de vivre convenablement en r\u00e9gion \u00cele-de-France.<\/p>\n<p><a href=\"https:\/\/ulcgtivry.fr\/blog\/wp-content\/uploads\/2022_uploads\/221207_STOPGALERE-RASSEMBLEMENT.pdf\" rel=\"noopener\" target=\"_blank\">Lire le communiqu\u00e9 de presse<\/a> : cliquer sur l&rsquo;image pour l&rsquo;agrandir, effectuer un clic droit pour l&rsquo;enregistrer sur son ordinateur.<\/p>\n<p>Les Unions R\u00e9gionales d\u2019ile de France CGT et FSU se joignent \u00e0 l\u2019appel de \u00ab <strong>Stop Gal\u00e8re<\/strong> \u00bb en appelant \u00e0 participer massivement au <strong>rassemblement le mercredi 07 d\u00e9cembre 2022 \u00e0 9 h devant le conseil r\u00e9gional \u00e0 Saint-Ouen<\/strong> pour stopper cette hausse tarifaire et la privatisation des transports.<\/p>\n<p>&nbsp; <\/p>\n","protected":false},"excerpt":{"rendered":"<p>Communiqu\u00e9 de presse de l&rsquo;Union r\u00e9gionale CGT d&rsquo;\u00cele-de-France et la FSU \u00cele-de-France. Depuis pr\u00e8s d\u2019une vingtaine d\u2019ann\u00e9es, les transports urbains se d\u00e9gradent tant en quantit\u00e9&hellip; <\/p>\n","protected":false},"author":1,"featured_media":0,"comment_status":"closed","ping_status":"closed","sticky":false,"template":"","format":"standard","meta":{"ngg_post_thumbnail":0,"_jetpack_memberships_contains_paid_content":false,"footnotes":"","_links_to":"","_links_to_target":""},"categories":[3,4],"tags":[],"class_list":["post-1226","post","type-post","status-publish","format-standard","hentry","category-actualite","category-evenements"],"jetpack_featured_media_url":"","jetpack_sharing_enabled":true,"_links":{"self":[{"href":"https:\/\/www.ulcgtivry.fr\/blog\/wp-json\/wp\/v2\/posts\/1226","targetHints":{"allow":["GET"]}}],"collection":[{"href":"https:\/\/www.ulcgtivry.fr\/blog\/wp-json\/wp\/v2\/posts"}],"about":[{"href":"https:\/\/www.ulcgtivry.fr\/blog\/wp-json\/wp\/v2\/types\/post"}],"author":[{"embeddable":true,"href":"https:\/\/www.ulcgtivry.fr\/blog\/wp-json\/wp\/v2\/users\/1"}],"replies":[{"embeddable":true,"href":"https:\/\/www.ulcgtivry.fr\/blog\/wp-json\/wp\/v2\/comments?post=1226"}],"version-history":[{"count":0,"href":"https:\/\/www.ulcgtivry.fr\/blog\/wp-json\/wp\/v2\/posts\/1226\/revisions"}],"wp:attachment":[{"href":"https:\/\/www.ulcgtivry.fr\/blog\/wp-json\/wp\/v2\/media?parent=1226"}],"wp:term":[{"taxonomy":"category","embeddable":true,"href":"https:\/\/www.ulcgtivry.fr\/blog\/wp-json\/wp\/v2\/categories?post=1226"},{"taxonomy":"post_tag","embeddable":true,"href":"https:\/\/www.ulcgtivry.fr\/blog\/wp-json\/wp\/v2\/tags?post=1226"}],"curies":[{"name":"wp","href":"https:\/\/api.w.org\/{rel}","templated":true}]}}