{"id":1234,"date":"2022-12-06T17:35:46","date_gmt":"2022-12-06T16:35:46","guid":{"rendered":"https:\/\/www.ulcgtivry.fr\/blog\/?p=1234"},"modified":"2022-12-06T17:35:46","modified_gmt":"2022-12-06T16:35:46","slug":"communique-intersyndical-retraite-e-s-pret-e-s-a-la-mobilisation","status":"publish","type":"post","link":"https:\/\/www.ulcgtivry.fr\/blog\/2022\/12\/communique-intersyndical-retraite-e-s-pret-e-s-a-la-mobilisation\/","title":{"rendered":"Communiqu\u00e9 intersyndical : retrait\u00e9.e.s, pr\u00eat.e.s \u00e0 la mobilisation !"},"content":{"rendered":"<p><a href=\"https:\/\/ulcgtivry.fr\/blog\/wp-content\/uploads\/2022_uploads\/221205_communique_retraites.jpg\"rel=\"noopener\"><img loading=\"lazy\" decoding=\"async\" src=\"https:\/\/ulcgtivry.fr\/blog\/wp-content\/uploads\/2022_uploads\/221205_communique_retraites.jpg\" alt=\"Communiqu\u00e9 retraites\" width=\"250\" height=\"300\" class=\"alignleft\"\/><\/a>Les consultations en cours concernant note syst\u00e8me de retraite on \u00e9t\u00e9 une nouvelle occasion pour les organisations syndicales de faire des propositions dont aucune ne n\u00e9cessite une r\u00e9forme param\u00e9trique. Le syst\u00e8me par r\u00e9partition n&rsquo;est pas en danger, y compris pour les jeunes g\u00e9n\u00e9rations. Le gouvernement instrumentalise la situation financi\u00e8re du syst\u00e8me de retraites et affirme, \u00e0 tort, que le recul de l&rsquo;\u00e2ge l\u00e9gal de la retraite est un imp\u00e9ratif. (<em>Cliquer sur l&rsquo;image pour l&rsquo;agrandir) <\/em> <\/p>\n<p>De premiers arbitrages seraient ainsi rendus en ce sens d\u00e8s la mi-d\u00e9cembre. Au moment ou le contexte social, environnemental et \u00e9conomique est particuli\u00e8rement difficile pour une partie croissante de la population, le gouvernement, en s&rsquo;ent\u00eatant, porterait l&rsquo;enti\u00e8re responsabilit\u00e9 d&rsquo;un conflit social majeur.<\/p>\n<p>Les organisations syndicales r\u00e9affirment qu&rsquo;elles sont, comme la tr\u00e8s grande majorit\u00e9 de la population, fermement oppos\u00e9es \u00e0 tout recul de l&rsquo;\u00e2ge l\u00e9gal de d\u00e9part en retraite comme \u00e0 toute augmentation de la dur\u00e9e de cotisation. La jeunesse, d\u00e9j\u00e0 fortement touch\u00e9e par la pr\u00e9carit\u00e9, serait fortement impact\u00e9e par ce projet. Pour l&rsquo;intersyndicale, des alternatives, y compris financi\u00e8res, existent pour am\u00e9liorer les fins de carri\u00e8re et les montants des pensions tout en faisant reculer les in\u00e9galit\u00e9s touchant particuli\u00e8rement les femmes.<\/p>\n<p>Les organisations syndicales et de jeunesse ont d&rsquo;ores et d\u00e9j\u00e0 d\u00e9cid\u00e9 de se revoir le jour-m\u00eame des annonces gouvernementales. Elles r\u00e9affirment leur d\u00e9termination \u00e0 construire ensemble les mobilisations passant en particulier par une premi\u00e8re date de mobilisation unitaire avec gr\u00e8ves et manifestations en janvier si le gouvernement demeurait arcbout\u00e9 sur son projet.<\/p>\n<p><em>Les Lilas, le 5 d\u00e9cembre 2022<\/em><\/p>\n","protected":false},"excerpt":{"rendered":"<p>Les consultations en cours concernant note syst\u00e8me de retraite on \u00e9t\u00e9 une nouvelle occasion pour les organisations syndicales de faire des propositions dont aucune ne&hellip; <\/p>\n","protected":false},"author":1,"featured_media":0,"comment_status":"closed","ping_status":"closed","sticky":false,"template":"","format":"standard","meta":{"ngg_post_thumbnail":0,"_jetpack_memberships_contains_paid_content":false,"footnotes":"","_links_to":"","_links_to_target":""},"categories":[3,47],"tags":[48],"class_list":["post-1234","post","type-post","status-publish","format-standard","hentry","category-actualite","category-retraites","tag-retraites"],"jetpack_featured_media_url":"","jetpack_sharing_enabled":true,"_links":{"self":[{"href":"https:\/\/www.ulcgtivry.fr\/blog\/wp-json\/wp\/v2\/posts\/1234","targetHints":{"allow":["GET"]}}],"collection":[{"href":"https:\/\/www.ulcgtivry.fr\/blog\/wp-json\/wp\/v2\/posts"}],"about":[{"href":"https:\/\/www.ulcgtivry.fr\/blog\/wp-json\/wp\/v2\/types\/post"}],"author":[{"embeddable":true,"href":"https:\/\/www.ulcgtivry.fr\/blog\/wp-json\/wp\/v2\/users\/1"}],"replies":[{"embeddable":true,"href":"https:\/\/www.ulcgtivry.fr\/blog\/wp-json\/wp\/v2\/comments?post=1234"}],"version-history":[{"count":0,"href":"https:\/\/www.ulcgtivry.fr\/blog\/wp-json\/wp\/v2\/posts\/1234\/revisions"}],"wp:attachment":[{"href":"https:\/\/www.ulcgtivry.fr\/blog\/wp-json\/wp\/v2\/media?parent=1234"}],"wp:term":[{"taxonomy":"category","embeddable":true,"href":"https:\/\/www.ulcgtivry.fr\/blog\/wp-json\/wp\/v2\/categories?post=1234"},{"taxonomy":"post_tag","embeddable":true,"href":"https:\/\/www.ulcgtivry.fr\/blog\/wp-json\/wp\/v2\/tags?post=1234"}],"curies":[{"name":"wp","href":"https:\/\/api.w.org\/{rel}","templated":true}]}}