{"id":1243,"date":"2022-12-08T22:02:46","date_gmt":"2022-12-08T21:02:46","guid":{"rendered":"https:\/\/www.ulcgtivry.fr\/blog\/?p=1243"},"modified":"2022-12-16T20:47:29","modified_gmt":"2022-12-16T19:47:29","slug":"elections-professionnelles-dans-la-fonction-publique-une-forte-representation-de-la-cgt","status":"publish","type":"post","link":"https:\/\/www.ulcgtivry.fr\/blog\/2022\/12\/elections-professionnelles-dans-la-fonction-publique-une-forte-representation-de-la-cgt\/","title":{"rendered":"\u00c9lections professionnelles dans la fonction publique : une forte repr\u00e9sentation de la CGT !"},"content":{"rendered":"<p>Les premiers r\u00e9sultats qui nous sont parvenus montrent une forte repr\u00e9sentation de la CGT !  <\/p>\n<h5>  R\u00e9sultats sur notre union locale (Ivry &#8211; Charenton &#8211; Saint-Maurice &#8211; Maisons-Alfort &#8211; Alforville <\/h5>\n<h6> Territoriaux de Saint-Maurice <\/h5>\n<ul>\n<li> 70 voix pour la CGT, 40,22 %, 2 \u00e9lus <\/li>\n<li> 58 voix pour la CFDT, 33 %, 2 \u00e9lus <\/li>\n<li> 46 voix pour la CFTC, 26,43 %, 1 \u00e9lu <\/li>\n<\/ul>\n<h6> Territoriaux d&rsquo;Ivry <\/h5>\n<ul>\n<li> 72,4 % pour la CGT, 6 \u00e9lus (contre 65% il y a 4 ans et 5 \u00e9lus) <\/li>\n<li> 27,6 % pour la FSU,  2 \u00e9lus (contre 3 il y a 4 ans) <\/li>\n<\/ul>\n<h6> Comit\u00e9 d&rsquo;Activit\u00e9s Sociales et Culturelles d&rsquo;Ivry <\/h5>\n<ul>\n<li>  66,77 % pour la CGT, 11 \u00e9lus <\/li>\n<li> 33,23 % pour la FSU, 6 \u00e9lus <\/li>\n<\/ul>\n<h6> Les H\u00f4pitaux de Saint-Maurice <\/h6>\n<p>En 2018 la CGT des H\u00f4pitaux de Saint Maurice devenait (pour la 1\u00e8re fois de son histoire) la premi\u00e8re organisation syndicale de l&rsquo;h\u00f4pital, en devan\u00e7ant de 5 voix Sud, avec 38,17%. <\/p>\n<p>Aujourd&rsquo;hui la CGT obtient pour la 1\u00e8re fois la majorit\u00e9 absolue avec 63,21%. <\/p>\n<h6> Le groupement hospitalier Charles Foix \u00e0 Ivry <\/h6>\n<ul>\n<li> la CGT obtient 7 \u00e9lus et gagne 1 si\u00e8ge de plus<\/li>\n<li> FO obtient 4 \u00e9lus <\/li>\n<li> SUD obtient 2 \u00e9lus <\/li>\n<li> la CFDT obtient 2 \u00e9lus <\/li>\n<\/ul>\n<h5> Ailleurs, dans le d\u00e9partement <\/h5>\n<h6> Territoriaux de Gentilly <\/h6>\n<ul>\n<li> 243 voix pour la CGT sur 262 votants <\/li>\n<\/ul>\n<h6> Territoriaux de Cachan <\/h6>\n<ul>\n<li> 237 voix pour la CGT, 4 \u00e9lus <\/li>\n<li> 58 voix pour la CFDT, 1 \u00e9lu <\/li>\n<\/ul>\n<h6> Territoriaux d&rsquo;Arcueil <\/h6>\n<ul>\n<li> 169 voix pour la CGT <\/li>\n<li> 95 voix pour la FSU <\/li>\n<\/ul>\n<h6> Territoriaux de Fontenay-sous-Bois <\/h6>\n<ul>\n<li> 265 voix pour la CGT, 4 \u00e9lus <\/li>\n<li> 198 pour la FSU, 2 \u00e9lus <\/li>\n<\/ul>\n<h6> Territoriaux de Choisy-le-Roi <\/h6>\n<ul>\n<li> 222 voix pour la CGT, 4 \u00e9lus <\/li>\n<li> 143 voix pour la FSU, 2 \u00e9lus <\/li>\n<li> 30 voix pour la CFDT, 0 \u00e9lu <\/li>\n<\/ul>\n<h6> Syndicat mixte Tremblay \/ Choisy <\/h6>\n<ul>\n<li> 12 voix pour la CGT sur 21 inscrits sur le Tremblay <\/li>\n<li> 18 voix pour la CGT sur 32 inscrits sur Choisy <\/li>\n<\/ul>\n<h6> Territoriaux de Vitry <\/h6>\n<ul>\n<li> 469 voix pour la CGT, 53,17%, 7 \u00e9lus <\/li>\n<li> 312 voix pour la FSU, 35,37%, 4 \u00e9lus <\/li>\n<li> 101 voix pour la CFDT, 11,45%, 1 \u00e9lu <\/li>\n<\/ul>\n<h6>  Territoriaux de Saint-Maur-des-Foss\u00e9s <\/h6>\n<ul>\n<li> CGT, 4 \u00e9lus <\/li>\n<li> Siaec, 2 \u00e9lus <\/li>\n<li> F0, 2 \u00e9lus <\/li>\n<li> CFDT, 0 \u00e9lu <\/li>\n<\/ul>\n<h6> Villiers sur Marne <\/h6>\n<ul>\n<li> 182 voix pour la CFDT, 3 \u00e9lus <\/li>\n<li> 61 voix pour la CGT, 1 \u00e9lu <\/li>\n<li> 86 voix pour la FSU, 1 \u00e9lu <\/li>\n<\/ul>\n<h6> Territoriaux de Chevilly-Larue <\/h6>\n<ul>\n<li> 250 voix pour la CGT sur 265 votants <\/li>\n<\/ul>\n<h6> Conseil D\u00e9partemental du Val-de-Marne <\/h6>\n<ul>\n<li>  745 voix pour l&rsquo;UGICT-CGT, 40,8 %, 6 \u00e9lus <\/li>\n<li> 660 voix pour la FSU, 36,2 %, 6 \u00e9lus <\/li>\n<li> 217 voix pour la CFDT, 11,9 %, 2 \u00e9lus <\/li>\n<li> 120 voix pour FO, 6,6 %, 1 \u00e9lu <\/li>\n<li> 84 voix pour Solidaires-SUD, 4,6 %, 0 \u00e9lu <\/li>\n<\/ul>\n<h6> \u00c0 l&rsquo;institut g\u00e9ographique national &#8211; Vincennes &#8211; comit\u00e9 social d&rsquo;administration <\/h6>\n<ul>\n<li> 53 % pour la CGT (+ 13 %), 2 \u00e9lus <\/li>\n<li> 31 % pour la CFDT <\/li>\n<li> 15 % pour l&rsquo;UNSA <\/li>\n<\/ul>\n<h5> Sant\u00e9 &#8211; action sociale <\/h5>\n<p>La CGT Sant\u00e9 Action Sociale est, ce soir, la premi\u00e8re organisation syndicale des agents hospitaliers du Val-de-Marne et de tr\u00e8s loin !<\/p>\n","protected":false},"excerpt":{"rendered":"<p>Les premiers r\u00e9sultats qui nous sont parvenus montrent une forte repr\u00e9sentation de la CGT ! R\u00e9sultats sur notre union locale (Ivry &#8211; Charenton &#8211; Saint-Maurice&hellip; <\/p>\n","protected":false},"author":1,"featured_media":0,"comment_status":"closed","ping_status":"closed","sticky":false,"template":"","format":"standard","meta":{"ngg_post_thumbnail":0,"_jetpack_memberships_contains_paid_content":false,"footnotes":"","_links_to":"","_links_to_target":""},"categories":[3],"tags":[35,36],"class_list":["post-1243","post","type-post","status-publish","format-standard","hentry","category-actualite","tag-elections","tag-fonction-publique"],"jetpack_featured_media_url":"","jetpack_sharing_enabled":true,"_links":{"self":[{"href":"https:\/\/www.ulcgtivry.fr\/blog\/wp-json\/wp\/v2\/posts\/1243","targetHints":{"allow":["GET"]}}],"collection":[{"href":"https:\/\/www.ulcgtivry.fr\/blog\/wp-json\/wp\/v2\/posts"}],"about":[{"href":"https:\/\/www.ulcgtivry.fr\/blog\/wp-json\/wp\/v2\/types\/post"}],"author":[{"embeddable":true,"href":"https:\/\/www.ulcgtivry.fr\/blog\/wp-json\/wp\/v2\/users\/1"}],"replies":[{"embeddable":true,"href":"https:\/\/www.ulcgtivry.fr\/blog\/wp-json\/wp\/v2\/comments?post=1243"}],"version-history":[{"count":0,"href":"https:\/\/www.ulcgtivry.fr\/blog\/wp-json\/wp\/v2\/posts\/1243\/revisions"}],"wp:attachment":[{"href":"https:\/\/www.ulcgtivry.fr\/blog\/wp-json\/wp\/v2\/media?parent=1243"}],"wp:term":[{"taxonomy":"category","embeddable":true,"href":"https:\/\/www.ulcgtivry.fr\/blog\/wp-json\/wp\/v2\/categories?post=1243"},{"taxonomy":"post_tag","embeddable":true,"href":"https:\/\/www.ulcgtivry.fr\/blog\/wp-json\/wp\/v2\/tags?post=1243"}],"curies":[{"name":"wp","href":"https:\/\/api.w.org\/{rel}","templated":true}]}}