{"id":1255,"date":"2022-12-09T12:38:21","date_gmt":"2022-12-09T11:38:21","guid":{"rendered":"https:\/\/www.ulcgtivry.fr\/blog\/?p=1255"},"modified":"2022-12-09T12:42:29","modified_gmt":"2022-12-09T11:42:29","slug":"retraite-e-s-plus-de-cinquante-rassemblements-en-france-pour-laugmentation-des-retraites","status":"publish","type":"post","link":"https:\/\/www.ulcgtivry.fr\/blog\/2022\/12\/retraite-e-s-plus-de-cinquante-rassemblements-en-france-pour-laugmentation-des-retraites\/","title":{"rendered":"Retrait\u00e9.e.s : plus de cinquante rassemblements en France pour l&rsquo;augmentation des retraites"},"content":{"rendered":"<p>Ce mardi 6 d\u00e9cembre, des rassemblements \u00e9taient organis\u00e9s devant les si\u00e8ges du Medef partout en France \u00e0 l\u2019initiative de l\u2019Union Conf\u00e9d\u00e9rale des Retrait\u00e9s (UCR-CGT). Les manifestants r\u00e9clament une augmentation des retraites de base et des retraites compl\u00e9mentaires.<\/p>\n<p>Alors que le projet de la future r\u00e9forme des retraites doit \u00eatre pr\u00e9sent\u00e9 par Elisabeth Borne le 15 d\u00e9cembre, ce mardi 6 d\u00e9cembre devait faire office de tour de chauffe. Dans une cinquantaine de villes, les retrait\u00e9s s\u2019\u00e9taient donn\u00e9s rendez-vous sous les fen\u00eatres du Medef \u00e0 l\u2019appel de l\u2019UCR-CGT pour dire leur m\u00e9contentement. Premi\u00e8re revendication, le mouvement exige l\u2019augmentation imm\u00e9diate des retraites de base et des retraites compl\u00e9mentaires \u00e0 hauteur de l\u2019inflation. En juillet, les n\u00e9gociations ont abouti \u00e0 l\u2019augmentation de 4 % des retraites de base et en novembre, les syndicats ont obtenu une hausse de 5,12% sur les retraites compl\u00e9mentaires. Trop peu pour l\u2019UCR-CGT, alors que l\u2019Insee annonce 6,2% d\u2019inflation en novembre 2022, avec une hausse des prix alimentaires de 12,2 % sur un an.<\/p>\n<p>Lire la suite sur le <a href=\"https:\/\/nvo.fr\/retraites-plus-de-cinquante-rassemblements-en-france-pour-laugmentation-des-retraites\/\">site de la NVO<\/a>.<\/p>\n","protected":false},"excerpt":{"rendered":"<p>Ce mardi 6 d\u00e9cembre, des rassemblements \u00e9taient organis\u00e9s devant les si\u00e8ges du Medef partout en France \u00e0 l\u2019initiative de l\u2019Union Conf\u00e9d\u00e9rale des Retrait\u00e9s (UCR-CGT). Les&hellip; <\/p>\n","protected":false},"author":1,"featured_media":0,"comment_status":"closed","ping_status":"closed","sticky":false,"template":"","format":"standard","meta":{"ngg_post_thumbnail":0,"_jetpack_memberships_contains_paid_content":false,"footnotes":"","_links_to":"","_links_to_target":""},"categories":[3,47],"tags":[56,49,48],"class_list":["post-1255","post","type-post","status-publish","format-standard","hentry","category-actualite","category-retraites","tag-pouvoir-dachat","tag-protection-sociale","tag-retraites"],"jetpack_featured_media_url":"","jetpack_sharing_enabled":true,"_links":{"self":[{"href":"https:\/\/www.ulcgtivry.fr\/blog\/wp-json\/wp\/v2\/posts\/1255","targetHints":{"allow":["GET"]}}],"collection":[{"href":"https:\/\/www.ulcgtivry.fr\/blog\/wp-json\/wp\/v2\/posts"}],"about":[{"href":"https:\/\/www.ulcgtivry.fr\/blog\/wp-json\/wp\/v2\/types\/post"}],"author":[{"embeddable":true,"href":"https:\/\/www.ulcgtivry.fr\/blog\/wp-json\/wp\/v2\/users\/1"}],"replies":[{"embeddable":true,"href":"https:\/\/www.ulcgtivry.fr\/blog\/wp-json\/wp\/v2\/comments?post=1255"}],"version-history":[{"count":0,"href":"https:\/\/www.ulcgtivry.fr\/blog\/wp-json\/wp\/v2\/posts\/1255\/revisions"}],"wp:attachment":[{"href":"https:\/\/www.ulcgtivry.fr\/blog\/wp-json\/wp\/v2\/media?parent=1255"}],"wp:term":[{"taxonomy":"category","embeddable":true,"href":"https:\/\/www.ulcgtivry.fr\/blog\/wp-json\/wp\/v2\/categories?post=1255"},{"taxonomy":"post_tag","embeddable":true,"href":"https:\/\/www.ulcgtivry.fr\/blog\/wp-json\/wp\/v2\/tags?post=1255"}],"curies":[{"name":"wp","href":"https:\/\/api.w.org\/{rel}","templated":true}]}}