{"id":1265,"date":"2022-12-09T14:26:43","date_gmt":"2022-12-09T13:26:43","guid":{"rendered":"https:\/\/www.ulcgtivry.fr\/blog\/?p=1265"},"modified":"2022-12-16T20:47:44","modified_gmt":"2022-12-16T19:47:44","slug":"elections-fonction-publique-malgre-une-participation-en-baisse-les-resultats-connus-confirment-la-premiere-place-de-la-cgt","status":"publish","type":"post","link":"https:\/\/www.ulcgtivry.fr\/blog\/2022\/12\/elections-fonction-publique-malgre-une-participation-en-baisse-les-resultats-connus-confirment-la-premiere-place-de-la-cgt\/","title":{"rendered":"Elections Fonction publique : malgr\u00e9 une participation en baisse, les r\u00e9sultats connus confirment la premi\u00e8re place de la CGT"},"content":{"rendered":"<p>Les r\u00e9sultats disponibles de \u00e9lections professionnelles dans la Fonction publique confirment un recul significatif<br \/>\nde la participation.<\/p>\n<p><a href=\"https:\/\/www.ulcgtivry.fr\/blog\/wp-content\/uploads\/2022_uploads\/221209_Communique_CGT_elections.jpg\"><img loading=\"lazy\" decoding=\"async\" src=\"https:\/\/www.ulcgtivry.fr\/blog\/wp-content\/uploads\/2022_uploads\/221209_Communique_CGT_elections.jpg\" alt=\"221209_Communiqu\u00e9 CGT \u00e9lections \" width=\"250\" height=\"300\" class=\"alignleft\"\/><\/a>Celui-ci est largement imputable aux multiples dysfonctionnements observ\u00e9s, d\u00e8s le premier jour, dans l&rsquo;organisation mat\u00e9rielle du scrutin, carences dont les employeurs publics et, au premier chef, le gouvernement, portent l&rsquo;enti\u00e8re responsabilit\u00e9.<br \/>\nLa CGT a, de longue date, alert\u00e9 sur cette dimension et constate que le d\u00e9roulement des op\u00e9rations \u00e9lectorales valide, h\u00e9las, les alertes qu&rsquo;elle avait lanc\u00e9es. Gouvernment et employeurs publics vont devoir rendre des comptes et en tirer les le\u00e7ons indispensables.<\/p>\n<p>Malgr\u00e9 ces entraves multiples, de nombreux.es agent.es ont particip\u00e9 au scrutin et manifest\u00e9 ainsi leur attachement \u00e0 la d\u00e9mocratie sociale et \u00e0 la repr\u00e9sentation syndicale. Alors que les op\u00e9rations d&rsquo;agr\u00e9gation se poursuivent, la CGT enregistre de premiers r\u00e9sultats encourageants. Il semble, d&rsquo;ores et d\u00e9j\u00e0, que la CGT reste premi\u00e8re organisation syndicale dans les versants territorial et hospitalier. Dans le versant de l&rsquo;\u00c9tat, la CGT maintient globalement son audience.<\/p>\n<p>Des progressions significatives sont enregistr\u00e9es, par exemple au conseil d\u00e9partemental de Haute-Garonne (6.5 %), au conseil r\u00e9gional d&rsquo;\u00cele-de-France (+7.5 %), au conseil d\u00e9partemental des Bouches-du-Rh\u00f4ne (7,5 %), dans les minist\u00e8res de la Culture (+ 7 points), de l&rsquo;Education nationale (+ 0,5 %) et \u00e0 la CGT enseignement priv\u00e9 (+ 1 %), des Affaires \u00e9trang\u00e8res (+ 1 %). La CGT confirme sa premi\u00e8re place \u00e0 l&rsquo;Assistance publique-H\u00f4pitaux de Paris.<\/p>\n<p>La CGT s&rsquo;en f\u00e9licite, remercie \u00e9lectrices et \u00e9lecteurs et salue le travail acharn\u00e9 de ses militantes et militants qui a permis de construire ces r\u00e9sultats. La CGT s&rsquo;exprimera de nouveau lorsque ceux-ci seront affin\u00e9s. Sur les grands enjeux revendicatifs &#8211; salaires, emplois, retraites, missions publiques, conditions de travail, \u00e9galit\u00e9 professionnelle &#8211; la CGT est d\u00e9termin\u00e9e \u00e0 faire aboutir les revendications par la construction du rapport de force, la syndicalisation, la n\u00e9gociation, dans l&rsquo;unit\u00e9 la plus large possible.<\/p>\n<p>D&rsquo;ores et d\u00e9ja, elle appelle construire les mobilisations indispensable pour mettre en \u00e9chec l&rsquo;attaque port\u00e9e par le gouvernement contre nos droits \u00e0 la retraite.<\/p>\n<p><em>Montreuil, le 9 d\u00e9cembre 2022<\/em><\/p>\n","protected":false},"excerpt":{"rendered":"<p>Les r\u00e9sultats disponibles de \u00e9lections professionnelles dans la Fonction publique confirment un recul significatif de la participation. Celui-ci est largement imputable aux multiples dysfonctionnements observ\u00e9s,&hellip; <\/p>\n","protected":false},"author":1,"featured_media":0,"comment_status":"closed","ping_status":"closed","sticky":false,"template":"","format":"standard","meta":{"ngg_post_thumbnail":0,"_jetpack_memberships_contains_paid_content":false,"footnotes":"","_links_to":"","_links_to_target":""},"categories":[3],"tags":[35,36],"class_list":["post-1265","post","type-post","status-publish","format-standard","hentry","category-actualite","tag-elections","tag-fonction-publique"],"jetpack_featured_media_url":"","jetpack_sharing_enabled":true,"_links":{"self":[{"href":"https:\/\/www.ulcgtivry.fr\/blog\/wp-json\/wp\/v2\/posts\/1265","targetHints":{"allow":["GET"]}}],"collection":[{"href":"https:\/\/www.ulcgtivry.fr\/blog\/wp-json\/wp\/v2\/posts"}],"about":[{"href":"https:\/\/www.ulcgtivry.fr\/blog\/wp-json\/wp\/v2\/types\/post"}],"author":[{"embeddable":true,"href":"https:\/\/www.ulcgtivry.fr\/blog\/wp-json\/wp\/v2\/users\/1"}],"replies":[{"embeddable":true,"href":"https:\/\/www.ulcgtivry.fr\/blog\/wp-json\/wp\/v2\/comments?post=1265"}],"version-history":[{"count":0,"href":"https:\/\/www.ulcgtivry.fr\/blog\/wp-json\/wp\/v2\/posts\/1265\/revisions"}],"wp:attachment":[{"href":"https:\/\/www.ulcgtivry.fr\/blog\/wp-json\/wp\/v2\/media?parent=1265"}],"wp:term":[{"taxonomy":"category","embeddable":true,"href":"https:\/\/www.ulcgtivry.fr\/blog\/wp-json\/wp\/v2\/categories?post=1265"},{"taxonomy":"post_tag","embeddable":true,"href":"https:\/\/www.ulcgtivry.fr\/blog\/wp-json\/wp\/v2\/tags?post=1265"}],"curies":[{"name":"wp","href":"https:\/\/api.w.org\/{rel}","templated":true}]}}