{"id":1301,"date":"2023-01-13T18:54:27","date_gmt":"2023-01-13T17:54:27","guid":{"rendered":"https:\/\/www.ulcgtivry.fr\/blog\/?p=1301"},"modified":"2023-01-18T18:54:32","modified_gmt":"2023-01-18T17:54:32","slug":"kit-de-mobilisation-contre-la-reforme-des-retraites","status":"publish","type":"post","link":"https:\/\/www.ulcgtivry.fr\/blog\/2023\/01\/kit-de-mobilisation-contre-la-reforme-des-retraites\/","title":{"rendered":"Kit de mobilisation contre la r\u00e9forme des retraites"},"content":{"rendered":"<p>L&rsquo;Union g\u00e9n\u00e9rale des ing\u00e9nieurs, cadres et techniciens CGT (UGICT-CGT) met \u00e0 disposition de nombreuses informations et visuels sur la contre-r\u00e9forme de Macron sur les retraites : vous y trouverez, outre les lieux des manifestations, des visuels, des tracts \u00e0 imprimer, des argumentaires et questions-r\u00e9ponses sur la gr\u00e8ve et les retraites&#8230;<\/p>\n<ul>\n<li> <a href=\"https:\/\/ugictcgt.fr\/visuels-en-greve\/\">Visuels \u00ab&nbsp;en gr\u00e8ve&nbsp;\u00bb<\/a> <\/li>\n<li> <a href=\"https:\/\/ugictcgt.fr\/retraite-jeunes\/\">La retraite : une affaire de jeunes dipl\u00f4m\u00e9\u00b7es<\/a> <\/li>\n<li> <a href=\"https:\/\/ugictcgt.fr\/simulateur-retraites\/\">\u00c9valuez l\u2019impact du projet de r\u00e9forme sur votre retraite et faites le savoir&nbsp;!<\/a> <\/li>\n<li> <a href=\"https:\/\/ugictcgt.fr\/kitretraites\/\">Kit de mobilisation contre la r\u00e9forme des retraites<\/a> <\/li>\n<li><a href=\"https:\/\/ugictcgt.fr\/desintox-retraites\/\"> [Vid\u00e9o] D\u00e9sintox du projet de r\u00e9forme des retraites<\/a><\/li>\n<li> <a href=\"https:\/\/ugictcgt.fr\/tout-comprendre-aux-retraites-en-10-questions-simples-la-formation-en-ligne\/\">Tout comprendre aux retraites en 10 questions simples : la formation en ligne<\/a><\/li>\n<li> <a href=\"https:\/\/ugictcgt.fr\/themes\/retraites\/\">et plus encore&#8230;<\/a> <\/li>\n<\/ul>\n","protected":false},"excerpt":{"rendered":"<p>L&rsquo;Union g\u00e9n\u00e9rale des ing\u00e9nieurs, cadres et techniciens CGT (UGICT-CGT) met \u00e0 disposition de nombreuses informations et visuels sur la contre-r\u00e9forme de Macron sur les retraites&hellip; <\/p>\n","protected":false},"author":1,"featured_media":0,"comment_status":"closed","ping_status":"closed","sticky":false,"template":"","format":"standard","meta":{"ngg_post_thumbnail":0,"_jetpack_memberships_contains_paid_content":false,"footnotes":"","_links_to":"","_links_to_target":""},"categories":[47],"tags":[45,49,48],"class_list":["post-1301","post","type-post","status-publish","format-standard","hentry","category-retraites","tag-luttes","tag-protection-sociale","tag-retraites"],"jetpack_featured_media_url":"","jetpack_sharing_enabled":true,"_links":{"self":[{"href":"https:\/\/www.ulcgtivry.fr\/blog\/wp-json\/wp\/v2\/posts\/1301","targetHints":{"allow":["GET"]}}],"collection":[{"href":"https:\/\/www.ulcgtivry.fr\/blog\/wp-json\/wp\/v2\/posts"}],"about":[{"href":"https:\/\/www.ulcgtivry.fr\/blog\/wp-json\/wp\/v2\/types\/post"}],"author":[{"embeddable":true,"href":"https:\/\/www.ulcgtivry.fr\/blog\/wp-json\/wp\/v2\/users\/1"}],"replies":[{"embeddable":true,"href":"https:\/\/www.ulcgtivry.fr\/blog\/wp-json\/wp\/v2\/comments?post=1301"}],"version-history":[{"count":0,"href":"https:\/\/www.ulcgtivry.fr\/blog\/wp-json\/wp\/v2\/posts\/1301\/revisions"}],"wp:attachment":[{"href":"https:\/\/www.ulcgtivry.fr\/blog\/wp-json\/wp\/v2\/media?parent=1301"}],"wp:term":[{"taxonomy":"category","embeddable":true,"href":"https:\/\/www.ulcgtivry.fr\/blog\/wp-json\/wp\/v2\/categories?post=1301"},{"taxonomy":"post_tag","embeddable":true,"href":"https:\/\/www.ulcgtivry.fr\/blog\/wp-json\/wp\/v2\/tags?post=1301"}],"curies":[{"name":"wp","href":"https:\/\/api.w.org\/{rel}","templated":true}]}}