{"id":1308,"date":"2023-01-20T14:16:55","date_gmt":"2023-01-20T13:16:55","guid":{"rendered":"https:\/\/www.ulcgtivry.fr\/blog\/?p=1308"},"modified":"2023-01-20T14:24:46","modified_gmt":"2023-01-20T13:24:46","slug":"communique-intersyndical-nouvelle-journee-de-greves-et-de-manifestations-interprofessionnelles-le-31-janvier","status":"publish","type":"post","link":"https:\/\/www.ulcgtivry.fr\/blog\/2023\/01\/communique-intersyndical-nouvelle-journee-de-greves-et-de-manifestations-interprofessionnelles-le-31-janvier\/","title":{"rendered":"Communiqu\u00e9 intersyndical : nouvelle journ\u00e9e de gr\u00e8ves et de manifestations interprofessionnelles le 31 janvier&nbsp;!"},"content":{"rendered":"<p>Ce 19 janvier, partout sur le territoire, plus de deux millions de travailleuses et travailleurs, et de jeunes se sont mobilis\u00e9-es mis en gr\u00e8ve et\/ou ont manifest\u00e9, dans le public comme dans le priv\u00e9, contre la r\u00e9forme des retraites de ce gouvernement.<\/p>\n<p>Une puissante mobilisation qui oblige au retrait !<\/p>\n<p><center><a href=\"https:\/\/www.ulcgtivry.fr\/blog\/wp-content\/uploads\/2023_uploads\/230119_declaration_Interpro.pdf\"><img loading=\"lazy\" decoding=\"async\" src=\"https:\/\/www.ulcgtivry.fr\/blog\/wp-content\/uploads\/2023_uploads\/230119_declaration_Interpro.jpeg\" alt=\"D\u00e9claration intersyndicale \" width=\"300\" height=\"500\"\/><\/a> <\/center><\/p>\n","protected":false},"excerpt":{"rendered":"<p>Ce 19 janvier, partout sur le territoire, plus de deux millions de travailleuses et travailleurs, et de jeunes se sont mobilis\u00e9-es mis en gr\u00e8ve et\/ou&hellip; <\/p>\n","protected":false},"author":1,"featured_media":0,"comment_status":"closed","ping_status":"closed","sticky":false,"template":"","format":"standard","meta":{"ngg_post_thumbnail":0,"_jetpack_memberships_contains_paid_content":false,"footnotes":"","_links_to":"","_links_to_target":""},"categories":[47],"tags":[45,48],"class_list":["post-1308","post","type-post","status-publish","format-standard","hentry","category-retraites","tag-luttes","tag-retraites"],"jetpack_featured_media_url":"","jetpack_sharing_enabled":true,"_links":{"self":[{"href":"https:\/\/www.ulcgtivry.fr\/blog\/wp-json\/wp\/v2\/posts\/1308","targetHints":{"allow":["GET"]}}],"collection":[{"href":"https:\/\/www.ulcgtivry.fr\/blog\/wp-json\/wp\/v2\/posts"}],"about":[{"href":"https:\/\/www.ulcgtivry.fr\/blog\/wp-json\/wp\/v2\/types\/post"}],"author":[{"embeddable":true,"href":"https:\/\/www.ulcgtivry.fr\/blog\/wp-json\/wp\/v2\/users\/1"}],"replies":[{"embeddable":true,"href":"https:\/\/www.ulcgtivry.fr\/blog\/wp-json\/wp\/v2\/comments?post=1308"}],"version-history":[{"count":0,"href":"https:\/\/www.ulcgtivry.fr\/blog\/wp-json\/wp\/v2\/posts\/1308\/revisions"}],"wp:attachment":[{"href":"https:\/\/www.ulcgtivry.fr\/blog\/wp-json\/wp\/v2\/media?parent=1308"}],"wp:term":[{"taxonomy":"category","embeddable":true,"href":"https:\/\/www.ulcgtivry.fr\/blog\/wp-json\/wp\/v2\/categories?post=1308"},{"taxonomy":"post_tag","embeddable":true,"href":"https:\/\/www.ulcgtivry.fr\/blog\/wp-json\/wp\/v2\/tags?post=1308"}],"curies":[{"name":"wp","href":"https:\/\/api.w.org\/{rel}","templated":true}]}}