{"id":1324,"date":"2023-01-27T10:50:16","date_gmt":"2023-01-27T09:50:16","guid":{"rendered":"https:\/\/www.ulcgtivry.fr\/blog\/?p=1324"},"modified":"2023-01-27T10:51:19","modified_gmt":"2023-01-27T09:51:19","slug":"projection-debat-autour-du-documentaire-ukraine-les-masques-de-la-revolution","status":"publish","type":"post","link":"https:\/\/www.ulcgtivry.fr\/blog\/2023\/01\/projection-debat-autour-du-documentaire-ukraine-les-masques-de-la-revolution\/","title":{"rendered":"Projection d\u00e9bat autour du documentaire \u00ab Ukraine : les masques de la R\u00e9volution \u00bb"},"content":{"rendered":"<p>Alors que la France travaille avec l\u2019Allemagne, sous couvert de l\u2019OTAN, pour envoyer des armes lourdes \u00e0 l\u2019Ukraine pour surench\u00e9rir dans le confit contre l\u2019offensive imp\u00e9rialiste russe, <strong>la projection d\u00e9bat autour du documentaire \u00ab&nbsp; Ukraine : les masques de la R\u00e9volution&nbsp;\u00bb de Paul Moreira de 2015 revient sur les dessous de la R\u00e9volution \u00ab&nbsp;de la place Maidan&nbsp;\u00bb \u00e0 Kiev en 2014, qui d\u00e9crypte les origines de la guerre et le r\u00f4le des milices d\u2019extr\u00eame-droite dans ce conflit.<\/strong><\/p>\n<p>La projection sera suivie d\u2019un d\u00e9bat avec la salle, avec la participation de l\u2019Association R\u00e9publicaine des Anciens Combattants, des Combattants pour l\u2019Amiti\u00e9, la Solidarit\u00e9, la M\u00e9moire, l\u2019Antifascisme et la Paix (ARAC).<\/p>\n<p>Pour un mode de paix et de progr\u00e8s social, la Cgt du Val-de-Marne portera toujours l\u2019int\u00e9r\u00eat des travailleuses et travailleurs partout dans le monde et la solidarit\u00e9 internationaliste contre l\u2019oppression des pouvoirs imp\u00e9rialistes de tous bords.<\/p>\n<p>Nous nous reconnaissons dans le manifeste du 29 juillet 1914 de notre conf\u00e9d\u00e9ration : \u00ab&nbsp;La guerre est un attentat contre la classe ouvri\u00e8re, un moyen sanglant et terrible de diversions \u00e0 ses revendications&nbsp;\u00bb.<\/p>\n<p><strong>Pas de paix, pas de justice ! Pas de paix, pas de progr\u00e8s social ! A bas la guerre !<\/strong><\/p>\n<p>Participez nombreux au d\u00e9bat le <\/p>\n<p><center><\/p>\n<h5> vendredi 27 janvier \u00e0 20 h<br \/>\nsalle Michelet \u2013 29, rue Michelet<br \/>\n\u00e0 Ivry-sur-Seine <\/h5>\n<p> <\/center><\/p>\n","protected":false},"excerpt":{"rendered":"<p>Alors que la France travaille avec l\u2019Allemagne, sous couvert de l\u2019OTAN, pour envoyer des armes lourdes \u00e0 l\u2019Ukraine pour surench\u00e9rir dans le confit contre l\u2019offensive&hellip; <\/p>\n","protected":false},"author":1,"featured_media":0,"comment_status":"closed","ping_status":"closed","sticky":false,"template":"","format":"standard","meta":{"ngg_post_thumbnail":0,"_jetpack_memberships_contains_paid_content":false,"footnotes":"","_links_to":"","_links_to_target":""},"categories":[3,4],"tags":[],"class_list":["post-1324","post","type-post","status-publish","format-standard","hentry","category-actualite","category-evenements"],"jetpack_featured_media_url":"","jetpack_sharing_enabled":true,"_links":{"self":[{"href":"https:\/\/www.ulcgtivry.fr\/blog\/wp-json\/wp\/v2\/posts\/1324","targetHints":{"allow":["GET"]}}],"collection":[{"href":"https:\/\/www.ulcgtivry.fr\/blog\/wp-json\/wp\/v2\/posts"}],"about":[{"href":"https:\/\/www.ulcgtivry.fr\/blog\/wp-json\/wp\/v2\/types\/post"}],"author":[{"embeddable":true,"href":"https:\/\/www.ulcgtivry.fr\/blog\/wp-json\/wp\/v2\/users\/1"}],"replies":[{"embeddable":true,"href":"https:\/\/www.ulcgtivry.fr\/blog\/wp-json\/wp\/v2\/comments?post=1324"}],"version-history":[{"count":0,"href":"https:\/\/www.ulcgtivry.fr\/blog\/wp-json\/wp\/v2\/posts\/1324\/revisions"}],"wp:attachment":[{"href":"https:\/\/www.ulcgtivry.fr\/blog\/wp-json\/wp\/v2\/media?parent=1324"}],"wp:term":[{"taxonomy":"category","embeddable":true,"href":"https:\/\/www.ulcgtivry.fr\/blog\/wp-json\/wp\/v2\/categories?post=1324"},{"taxonomy":"post_tag","embeddable":true,"href":"https:\/\/www.ulcgtivry.fr\/blog\/wp-json\/wp\/v2\/tags?post=1324"}],"curies":[{"name":"wp","href":"https:\/\/api.w.org\/{rel}","templated":true}]}}