{"id":1334,"date":"2023-01-27T12:53:39","date_gmt":"2023-01-27T11:53:39","guid":{"rendered":"https:\/\/www.ulcgtivry.fr\/blog\/?p=1334"},"modified":"2023-01-27T12:53:39","modified_gmt":"2023-01-27T11:53:39","slug":"deficit-des-retraites-comment-le-gouvernement-gonfle-honteusement-les-chiffres","status":"publish","type":"post","link":"https:\/\/www.ulcgtivry.fr\/blog\/2023\/01\/deficit-des-retraites-comment-le-gouvernement-gonfle-honteusement-les-chiffres\/","title":{"rendered":"D\u00e9ficit des retraites : comment le gouvernement gonfle honteusement les chiffres !"},"content":{"rendered":"<p>Les intentions du gouvernement sont claires : d\u00e9grader le syst\u00e8me de retraites pour faire des \u00e9conomies. Pour justifier cette position, le gouvernement tente de faire croire que le syst\u00e8me court \u00e0 sa perte sans r\u00e9forme. Cet argument d\u2019autorit\u00e9 est appuy\u00e9 par une multiplication de chiffres, plus alarmants les uns que les autres. Mais derri\u00e8re le sensationnalisme se cache une pr\u00e9sentation mensong\u00e8re de la r\u00e9alit\u00e9.<\/p>\n<p>Chaque jour, un membre du gouvernement annonce un chiffre diff\u00e9rent ; il devient alors difficile de s\u2019y retrouver. Il y a quelques semaines Elisabeth Borne parlait essentiellement d\u2019un d\u00e9ficit du syst\u00e8me estim\u00e9 \u00e0 12 milliards en 2027.<\/p>\n<p>La nouvelle lubie du gouvernement est de parler en d\u00e9ficits cumul\u00e9s pour que cela paraisse encore plus impressionnant. Ainsi on a pu entendre Bruno Le Maire dire que les d\u00e9ficits s\u2019\u00e9l\u00e8veraient \u00e0 \u00ab 100 milliards d\u2019euros en \u2026 quelques ann\u00e9es \u00bb (on salue l\u00e0 la pr\u00e9cision du Ministre de l\u2019\u00e9conomie) ou encore Gabriel Attal parler de \u00ab 500 milliards d\u2019euros de dette sur les 25 ans \u00e0 venir si on ne fait pas la r\u00e9forme \u00bb.<\/p>\n<p>Lire la <a href=\"https:\/\/ulcgtivry.fr\/blog\/wp-content\/uploads\/2023_uploads\/230124_NoteEco.pdf\" rel=\"noopener\" target=\"_blank\">note du secteur \u00e9conomique<\/a> de la CGT (du 24 janvier).<\/p>\n<p><em> (Cliquez sur le lien pour afficher la note, effectuez un clic droit pour la t\u00e9l\u00e9charger sur votre ordinateur.)<\/em> <\/p>\n","protected":false},"excerpt":{"rendered":"<p>Les intentions du gouvernement sont claires : d\u00e9grader le syst\u00e8me de retraites pour faire des \u00e9conomies. Pour justifier cette position, le gouvernement tente de faire&hellip; <\/p>\n","protected":false},"author":1,"featured_media":0,"comment_status":"closed","ping_status":"closed","sticky":false,"template":"","format":"standard","meta":{"ngg_post_thumbnail":0,"_jetpack_memberships_contains_paid_content":false,"footnotes":"","_links_to":"","_links_to_target":""},"categories":[47],"tags":[48],"class_list":["post-1334","post","type-post","status-publish","format-standard","hentry","category-retraites","tag-retraites"],"jetpack_featured_media_url":"","jetpack_sharing_enabled":true,"_links":{"self":[{"href":"https:\/\/www.ulcgtivry.fr\/blog\/wp-json\/wp\/v2\/posts\/1334","targetHints":{"allow":["GET"]}}],"collection":[{"href":"https:\/\/www.ulcgtivry.fr\/blog\/wp-json\/wp\/v2\/posts"}],"about":[{"href":"https:\/\/www.ulcgtivry.fr\/blog\/wp-json\/wp\/v2\/types\/post"}],"author":[{"embeddable":true,"href":"https:\/\/www.ulcgtivry.fr\/blog\/wp-json\/wp\/v2\/users\/1"}],"replies":[{"embeddable":true,"href":"https:\/\/www.ulcgtivry.fr\/blog\/wp-json\/wp\/v2\/comments?post=1334"}],"version-history":[{"count":0,"href":"https:\/\/www.ulcgtivry.fr\/blog\/wp-json\/wp\/v2\/posts\/1334\/revisions"}],"wp:attachment":[{"href":"https:\/\/www.ulcgtivry.fr\/blog\/wp-json\/wp\/v2\/media?parent=1334"}],"wp:term":[{"taxonomy":"category","embeddable":true,"href":"https:\/\/www.ulcgtivry.fr\/blog\/wp-json\/wp\/v2\/categories?post=1334"},{"taxonomy":"post_tag","embeddable":true,"href":"https:\/\/www.ulcgtivry.fr\/blog\/wp-json\/wp\/v2\/tags?post=1334"}],"curies":[{"name":"wp","href":"https:\/\/api.w.org\/{rel}","templated":true}]}}