{"id":1364,"date":"2023-02-01T15:14:38","date_gmt":"2023-02-01T14:14:38","guid":{"rendered":"https:\/\/www.ulcgtivry.fr\/blog\/?p=1364"},"modified":"2023-02-04T22:17:29","modified_gmt":"2023-02-04T21:17:29","slug":"31-janvier-divry-a-place-ditalie","status":"publish","type":"post","link":"https:\/\/www.ulcgtivry.fr\/blog\/2023\/02\/31-janvier-divry-a-place-ditalie\/","title":{"rendered":"31 janvier : d&rsquo;Ivry \u00e0 Place d&rsquo;Italie"},"content":{"rendered":"<p>Les Ivryen.ne.s s&rsquo;\u00e9taient donn\u00e9 rendez-vous, \u00e0 l&rsquo;appel de la CGT, devant la mairie d&rsquo;Ivry, pour rejoindre la manifestation parisienne ce 31 janvier, contre la r\u00e9forme Borne-Macron qui remettrait gravement en cause notre syst\u00e8me de retraite et de protection sociale, si elle \u00e9tait adopt\u00e9e. <\/p>\n<p>Le cort\u00e8ge, bien fourni pour cette seconde journ\u00e9e de mobilisation, portant nos revendications d&rsquo;une retraite \u00e0 60 ans, calcul\u00e9e sur les 10 meilleures ann\u00e9es, au minimum \u00e9gal au SMIC revendiqu\u00e9 de 2 000 \u20ac a rejoint les Invalides.<\/p>\n<p class=\"clear\">ngg_shortcode_0_placeholder<p class=\"clear\">\n<p>Prochains rendez-vous : les 7 et 11 f\u00e9vrier \u00e0 Paris ! et le <a href=\"https:\/\/www.ulcgtivry.fr\/blog\/2023\/02\/marche-aux-flambeaux-mercredi-8-fevrier-a-ivry-seine\/\">8 f\u00e9vrier, \u00e0 Ivry\/Seine pour la marche aux flambeaux<\/a>, on continue jusqu&rsquo;au retrait de la r\u00e9forme !<\/p>\n","protected":false},"excerpt":{"rendered":"<p>Les Ivryen.ne.s s&rsquo;\u00e9taient donn\u00e9 rendez-vous, \u00e0 l&rsquo;appel de la CGT, devant la mairie d&rsquo;Ivry, pour rejoindre la manifestation parisienne ce 31 janvier, contre la r\u00e9forme&hellip; <\/p>\n","protected":false},"author":1,"featured_media":0,"comment_status":"closed","ping_status":"closed","sticky":false,"template":"","format":"standard","meta":{"ngg_post_thumbnail":0,"_jetpack_memberships_contains_paid_content":false,"footnotes":"","_links_to":"","_links_to_target":""},"categories":[3,47],"tags":[48],"class_list":["post-1364","post","type-post","status-publish","format-standard","hentry","category-actualite","category-retraites","tag-retraites"],"jetpack_featured_media_url":"","jetpack_sharing_enabled":true,"_links":{"self":[{"href":"https:\/\/www.ulcgtivry.fr\/blog\/wp-json\/wp\/v2\/posts\/1364","targetHints":{"allow":["GET"]}}],"collection":[{"href":"https:\/\/www.ulcgtivry.fr\/blog\/wp-json\/wp\/v2\/posts"}],"about":[{"href":"https:\/\/www.ulcgtivry.fr\/blog\/wp-json\/wp\/v2\/types\/post"}],"author":[{"embeddable":true,"href":"https:\/\/www.ulcgtivry.fr\/blog\/wp-json\/wp\/v2\/users\/1"}],"replies":[{"embeddable":true,"href":"https:\/\/www.ulcgtivry.fr\/blog\/wp-json\/wp\/v2\/comments?post=1364"}],"version-history":[{"count":0,"href":"https:\/\/www.ulcgtivry.fr\/blog\/wp-json\/wp\/v2\/posts\/1364\/revisions"}],"wp:attachment":[{"href":"https:\/\/www.ulcgtivry.fr\/blog\/wp-json\/wp\/v2\/media?parent=1364"}],"wp:term":[{"taxonomy":"category","embeddable":true,"href":"https:\/\/www.ulcgtivry.fr\/blog\/wp-json\/wp\/v2\/categories?post=1364"},{"taxonomy":"post_tag","embeddable":true,"href":"https:\/\/www.ulcgtivry.fr\/blog\/wp-json\/wp\/v2\/tags?post=1364"}],"curies":[{"name":"wp","href":"https:\/\/api.w.org\/{rel}","templated":true}]}}