{"id":1373,"date":"2023-02-01T15:26:32","date_gmt":"2023-02-01T14:26:32","guid":{"rendered":"https:\/\/www.ulcgtivry.fr\/blog\/?p=1373"},"modified":"2023-02-04T22:17:08","modified_gmt":"2023-02-04T21:17:08","slug":"marche-aux-flambeaux-mercredi-8-fevrier-a-ivry-seine","status":"publish","type":"post","link":"https:\/\/www.ulcgtivry.fr\/blog\/2023\/02\/marche-aux-flambeaux-mercredi-8-fevrier-a-ivry-seine\/","title":{"rendered":"Marche aux flambeaux, mercredi 8 f\u00e9vrier \u00e0 18 h 30 \u00e0 Ivry\/Seine !"},"content":{"rendered":"<h5> Retraite \u00e0 64 ans : refusons cette nouvelle r\u00e9gression sociale&nbsp;!<\/h5>\n<p>Envers et contre 90 % des travailleuses et travailleurs oppos\u00e9.e.s \u00e0 cette contre-r\u00e9forme, le gouvernement des riches s&rsquo;obstine. Pour continuer de gaver les vrais privil\u00e9gi\u00e9s, nous devrions travailler toujours plus et toujours plus longtemps pour nos maigres salaires ?! Non&nbsp;! <\/p>\n<h5> Continuons de nous mobiliser pour nous faire entendre&nbsp;! <\/h5>\n<p><center><a href=\"https:\/\/www.ulcgtivry.fr\/blog\/wp-content\/uploads\/2023_uploads\/230208_MarcheAuxFlambeaux.jpg\"><img loading=\"lazy\" decoding=\"async\" src=\"https:\/\/www.ulcgtivry.fr\/blog\/wp-content\/uploads\/2023_uploads\/230208_MarcheAuxFlambeaux.jpg\" alt=\"Marche aux flambeaux \" width=\"300\" height=\"600\"\/><\/a> <\/center><\/p>\n","protected":false},"excerpt":{"rendered":"<p>Retraite \u00e0 64 ans : refusons cette nouvelle r\u00e9gression sociale&nbsp;! Envers et contre 90 % des travailleuses et travailleurs oppos\u00e9.e.s \u00e0 cette contre-r\u00e9forme, le gouvernement&hellip; <\/p>\n","protected":false},"author":1,"featured_media":0,"comment_status":"closed","ping_status":"closed","sticky":false,"template":"","format":"standard","meta":{"ngg_post_thumbnail":0,"_jetpack_memberships_contains_paid_content":false,"footnotes":"","_links_to":"","_links_to_target":""},"categories":[3,4,47,61],"tags":[48],"class_list":["post-1373","post","type-post","status-publish","format-standard","hentry","category-actualite","category-evenements","category-retraites","category-tracts","tag-retraites"],"jetpack_featured_media_url":"","jetpack_sharing_enabled":true,"_links":{"self":[{"href":"https:\/\/www.ulcgtivry.fr\/blog\/wp-json\/wp\/v2\/posts\/1373","targetHints":{"allow":["GET"]}}],"collection":[{"href":"https:\/\/www.ulcgtivry.fr\/blog\/wp-json\/wp\/v2\/posts"}],"about":[{"href":"https:\/\/www.ulcgtivry.fr\/blog\/wp-json\/wp\/v2\/types\/post"}],"author":[{"embeddable":true,"href":"https:\/\/www.ulcgtivry.fr\/blog\/wp-json\/wp\/v2\/users\/1"}],"replies":[{"embeddable":true,"href":"https:\/\/www.ulcgtivry.fr\/blog\/wp-json\/wp\/v2\/comments?post=1373"}],"version-history":[{"count":0,"href":"https:\/\/www.ulcgtivry.fr\/blog\/wp-json\/wp\/v2\/posts\/1373\/revisions"}],"wp:attachment":[{"href":"https:\/\/www.ulcgtivry.fr\/blog\/wp-json\/wp\/v2\/media?parent=1373"}],"wp:term":[{"taxonomy":"category","embeddable":true,"href":"https:\/\/www.ulcgtivry.fr\/blog\/wp-json\/wp\/v2\/categories?post=1373"},{"taxonomy":"post_tag","embeddable":true,"href":"https:\/\/www.ulcgtivry.fr\/blog\/wp-json\/wp\/v2\/tags?post=1373"}],"curies":[{"name":"wp","href":"https:\/\/api.w.org\/{rel}","templated":true}]}}