{"id":1380,"date":"2023-02-01T15:46:45","date_gmt":"2023-02-01T14:46:45","guid":{"rendered":"https:\/\/www.ulcgtivry.fr\/blog\/?p=1380"},"modified":"2023-02-04T22:16:54","modified_gmt":"2023-02-04T21:16:54","slug":"face-au-rejet-massif-le-gouvernement-doit-retirer-sa-reforme-on-continue-on-ne-lache-rien","status":"publish","type":"post","link":"https:\/\/www.ulcgtivry.fr\/blog\/2023\/02\/face-au-rejet-massif-le-gouvernement-doit-retirer-sa-reforme-on-continue-on-ne-lache-rien\/","title":{"rendered":"Face au rejet massif, le gouvernement doit retirer sa r\u00e9forme. <br> On continue&#8230; on ne l\u00e2che rien&nbsp;!"},"content":{"rendered":"<h5> Communiqu\u00e9 des organisations syndicales et de jeunesse <\/h5>\n<p><a href=\"https:\/\/www.ulcgtivry.fr\/blog\/wp-content\/uploads\/2023_uploads\/230131_Communique_Intersyndical.pdf\" target=\"_blank\" rel=\"noopener\"><img loading=\"lazy\" decoding=\"async\" src=\"https:\/\/www.ulcgtivry.fr\/blog\/wp-content\/uploads\/2023_uploads\/230131_Communique_Intersyndical.jpg\" alt=\"Communique Intersyndical\" width=\"300\" height=\"600\" class=\"alignleft\"\/><\/a> A l&rsquo;appel de l&rsquo;ensemble des organisations syndicales, ce 31 janvier a confirm\u00e9 la tr\u00e8s forte d\u00e9termination a refuser le projet de r\u00e9forme des retraites pr\u00e9sent\u00e9e par le gouvernement. <\/p>\n<p>Plus de 2,5 millions travailleurs et travailleuses, du public comme du priv\u00e9, jeunes et retrait\u00e9.e.s, se sont mobilis\u00e9s par la gr\u00e8ve et\/ou ont manifest\u00e9 sur l&rsquo;ensemble du territoire. Cette mobilisation d&rsquo;ampleur fait suite \u00e0 celle du 19 janvier qui avait rassembl\u00e9 pr\u00e8s de 2 millions de personnes. La jeunesse s&rsquo;est particuli\u00e8rement mobilis\u00e9e aujourd&rsquo;hui pour refuser la pr\u00e9carit\u00e9 grandissante que promet le gouvernement.<\/p>\n<p>La population soutient les revendications des organisations syndicales qui s&rsquo;opposent au recul de l&rsquo;\u00e2ge l\u00e9gal de d\u00e9part \u00e0 64 ans et \u00e0 l&rsquo;allongement de la dur\u00e9e de cotisations, 9 travailleurs sur 10 rejettent la r\u00e9forme, 2\/3 de la population soutiennent les mobilisations.<\/p>\n<p>Personne ne s&rsquo;est laiss\u00e9 tromp\u00e9 par la propagande du gouvernement.<\/p>\n<p>Les organisations syndicales d\u00e9noncent ainsi le mail du ministre de la Transformation et de la Fonction publiques, envoy\u00e9 tant \u00e0 des agents publics qu&rsquo;\u00e0 des salari\u00e9s de droit priv\u00e9, pr\u00e9sentant une liste &lsquo;arguments en faveur de la r\u00e9forme des retraites.<\/p>\n<p>Les organisations syndicales n&rsquo;acceptent pas les propos tenus par la Premi\u00e8re ministre, ce dimanche, indiquant que, selon elle, \u00ab&nbsp;l&rsquo;\u00e2ge de d\u00e9part \u00e0 64 ans n&rsquo;est plus n\u00e9gociable&nbsp;\u00bb. Pour les organisations syndicales le recul de l&rsquo;\u00e2ge de d\u00e9part n&rsquo;a jamais \u00e9t\u00e9 n\u00e9gociable&nbsp;! Les propositions alternatives formul\u00e9es par elles sont toutes rest\u00e9es lettre morte&nbsp;! Cela d\u00e9montre le jusqu&rsquo;au-boutisme du gouvernement, sourd au rejet exprim\u00e9 par la totalit\u00e9 des organisations syndicales et l&rsquo;immense majorit\u00e9 des citoyens.<\/p>\n<p>Rien ne justifie une r\u00e9forme aussi injuste et brutale. Le gouvernement doit entendre le rejet massif de ce projet et le retirer.<\/p>\n<p>L&rsquo;intersyndicale appelle toute la population \u00e0 se mobiliser par la gr\u00e8ve et la manifestation encore plus massivement <font color=\"#FF0000\"><b>le mardi 7 f\u00e9vrier puis le samedi 11 f\u00e9vrier<\/b><\/font> pour dire non \u00e0 cette r\u00e9forme. Elle appelle, d&rsquo;ici l\u00e0, \u00e0 multiplier les actions, initiatives, r\u00e9unions ou assembl\u00e9es g\u00e9n\u00e9rales partout sur le territoire, dans les entreprises et services, dans les lieux d&rsquo;\u00e9tude, y compris par la gr\u00e8ve.<\/p>\n<p>L&rsquo;intersyndicale se r\u00e9unira le mardi 7 f\u00e9vrier au soir.<\/p>\n<p>Paris le 31 janvier 2023<\/p>\n","protected":false},"excerpt":{"rendered":"<p>Communiqu\u00e9 des organisations syndicales et de jeunesse A l&rsquo;appel de l&rsquo;ensemble des organisations syndicales, ce 31 janvier a confirm\u00e9 la tr\u00e8s forte d\u00e9termination a refuser&hellip; <\/p>\n","protected":false},"author":1,"featured_media":0,"comment_status":"closed","ping_status":"closed","sticky":false,"template":"","format":"standard","meta":{"ngg_post_thumbnail":0,"_jetpack_memberships_contains_paid_content":false,"footnotes":"","_links_to":"","_links_to_target":""},"categories":[3,47],"tags":[48],"class_list":["post-1380","post","type-post","status-publish","format-standard","hentry","category-actualite","category-retraites","tag-retraites"],"jetpack_featured_media_url":"","jetpack_sharing_enabled":true,"_links":{"self":[{"href":"https:\/\/www.ulcgtivry.fr\/blog\/wp-json\/wp\/v2\/posts\/1380","targetHints":{"allow":["GET"]}}],"collection":[{"href":"https:\/\/www.ulcgtivry.fr\/blog\/wp-json\/wp\/v2\/posts"}],"about":[{"href":"https:\/\/www.ulcgtivry.fr\/blog\/wp-json\/wp\/v2\/types\/post"}],"author":[{"embeddable":true,"href":"https:\/\/www.ulcgtivry.fr\/blog\/wp-json\/wp\/v2\/users\/1"}],"replies":[{"embeddable":true,"href":"https:\/\/www.ulcgtivry.fr\/blog\/wp-json\/wp\/v2\/comments?post=1380"}],"version-history":[{"count":0,"href":"https:\/\/www.ulcgtivry.fr\/blog\/wp-json\/wp\/v2\/posts\/1380\/revisions"}],"wp:attachment":[{"href":"https:\/\/www.ulcgtivry.fr\/blog\/wp-json\/wp\/v2\/media?parent=1380"}],"wp:term":[{"taxonomy":"category","embeddable":true,"href":"https:\/\/www.ulcgtivry.fr\/blog\/wp-json\/wp\/v2\/categories?post=1380"},{"taxonomy":"post_tag","embeddable":true,"href":"https:\/\/www.ulcgtivry.fr\/blog\/wp-json\/wp\/v2\/tags?post=1380"}],"curies":[{"name":"wp","href":"https:\/\/api.w.org\/{rel}","templated":true}]}}