{"id":1385,"date":"2023-02-02T12:18:11","date_gmt":"2023-02-02T11:18:11","guid":{"rendered":"https:\/\/www.ulcgtivry.fr\/blog\/?p=1385"},"modified":"2023-02-04T22:16:31","modified_gmt":"2023-02-04T21:16:31","slug":"la-retraite-cest-mieux-quand-on-est-vivant","status":"publish","type":"post","link":"https:\/\/www.ulcgtivry.fr\/blog\/2023\/02\/la-retraite-cest-mieux-quand-on-est-vivant\/","title":{"rendered":"La retraite, c&rsquo;est mieux quand on est vivant !"},"content":{"rendered":"<p>franceinfo s&rsquo;est r\u00e9f\u00e9r\u00e9 \u00e0 une \u00e9tude de l&rsquo;\u00e9conomiste Ulysse Lojkine, doctorant \u00e0 l&rsquo;\u00e9cole d&rsquo;Economie de Paris et \u00e0 l&rsquo;universit\u00e9 Paris-Nanterre, publi\u00e9e en septembre 2022, afin de \u00ab&nbsp;d\u00e9crire le risque de mort avant la retraite et de retraite courte&nbsp;\u00bb, en fonction du niveau de vie. Ce dernier a analys\u00e9 les donn\u00e9es et outils de simulation de France strat\u00e9gie, institution plac\u00e9e aupr\u00e8s de la Premi\u00e8re ministre, ainsi que les chiffres de l&rsquo;Insee. <\/p>\n<p><em> <a href=\"https:\/\/www.francetvinfo.fr\/economie\/retraite\/reforme-des-retraites\/infographies-visualisez-comment-le-risque-de-mourir-avant-et-juste-apres-la-retraite-concerne-davantage-les-classes-populaires_5618867.html\">Source franceinfo<\/a> <\/em> <\/p>\n\n<table id=\"tablepress-10\" class=\"tablepress tablepress-id-10\">\n<tbody class=\"row-striping row-hover\">\n<tr class=\"row-1\">\n\t<td class=\"column-1\">&nbsp; <br \/>\n&nbsp; <br \/>\nLe risque de ne pas vivre suffisamment longtemps pour atteindre la retraite, plut\u00f4t faible, s'\u00e9tablit actuellement \u00e0 0,5 sur 10, en moyenne, toutes populations confondues. Cependant, comme le montre le graphique (\u00e0 droite) publi\u00e9 par franceinfo <strong>la probabilit\u00e9 de ne pas vivre suffisamment longtemps pour atteindre l'\u00e2ge de la retraite grimpe \u00e0 plus de 1 sur 10 parmi les 20&nbsp;% des hommes les plus pauvres. A l'autre extr\u00e9mit\u00e9 de l'\u00e9chelle sociale, ce risque devient quasiment nul pour les 20&nbsp;% les plus riches.<\/strong><\/td><td class=\"column-2\"><center><a href=\"https:\/\/ulcgtivry.fr\/blog\/wp-content\/uploads\/2023_uploads\/230125_risque_avant_retraite.png\"><img loading=\"lazy\" decoding=\"async\" src=\"https:\/\/ulcgtivry.fr\/blog\/wp-content\/uploads\/2023_uploads\/230125_risque_avant_retraite.png\" alt=\"risque avant retraite\" width=\"250\" height=\"300\"\/><\/a><\/center><\/td>\n<\/tr>\n<tr class=\"row-2\">\n\t<td class=\"column-1\"><center><a href=\"https:\/\/ulcgtivry.fr\/blog\/wp-content\/uploads\/2023_uploads\/230125_risque_apres_retraite.png\"><img loading=\"lazy\" decoding=\"async\" src=\"https:\/\/ulcgtivry.fr\/blog\/wp-content\/uploads\/2023_uploads\/230125_risque_apres_retraite.png\" alt=\"risque apres retraite\" width=\"250\" height=\"300\"\/><\/a> <\/center><\/td><td class=\"column-2\">&nbsp; <br \/>\n&nbsp; <br \/>\nLes d\u00e9c\u00e8s dans les dix ann\u00e9es qui suivent la sortie de la vie active concerne un peu moins de deux Fran\u00e7ais sur dix, selon les calculs de l'\u00e9conomiste. Mais cette moyenne cache, elle aussi, d'importantes disparit\u00e9s. <strong>Les classes populaires sont une nouvelle fois les plus touch\u00e9es<\/strong>, comme l'illustre cet autre graphique (\u00e0 gauche) publi\u00e9 par franceinfo. Le risque s'\u00e9l\u00e8ve \u00e0 3,6 sur 10 pour les 20&nbsp;% des hommes les plus pauvres. Chez les femmes les moins riches, cette probabilit\u00e9 atteint pr\u00e8s de 2 sur 10. Ce chiffre descend \u00e0 1 sur 10 pour les 20&nbsp;% les plus ais\u00e9s, quel que soit le sexe.<\/td>\n<\/tr>\n<\/tbody>\n<\/table>\n<!-- #tablepress-10 from cache -->\n<p>&nbsp; <\/p>\n","protected":false},"excerpt":{"rendered":"<p>franceinfo s&rsquo;est r\u00e9f\u00e9r\u00e9 \u00e0 une \u00e9tude de l&rsquo;\u00e9conomiste Ulysse Lojkine, doctorant \u00e0 l&rsquo;\u00e9cole d&rsquo;Economie de Paris et \u00e0 l&rsquo;universit\u00e9 Paris-Nanterre, publi\u00e9e en septembre 2022, afin&hellip; <\/p>\n","protected":false},"author":1,"featured_media":0,"comment_status":"closed","ping_status":"closed","sticky":false,"template":"","format":"standard","meta":{"ngg_post_thumbnail":0,"_jetpack_memberships_contains_paid_content":false,"footnotes":"","_links_to":"","_links_to_target":""},"categories":[47],"tags":[49,48],"class_list":["post-1385","post","type-post","status-publish","format-standard","hentry","category-retraites","tag-protection-sociale","tag-retraites"],"jetpack_featured_media_url":"","jetpack_sharing_enabled":true,"_links":{"self":[{"href":"https:\/\/www.ulcgtivry.fr\/blog\/wp-json\/wp\/v2\/posts\/1385","targetHints":{"allow":["GET"]}}],"collection":[{"href":"https:\/\/www.ulcgtivry.fr\/blog\/wp-json\/wp\/v2\/posts"}],"about":[{"href":"https:\/\/www.ulcgtivry.fr\/blog\/wp-json\/wp\/v2\/types\/post"}],"author":[{"embeddable":true,"href":"https:\/\/www.ulcgtivry.fr\/blog\/wp-json\/wp\/v2\/users\/1"}],"replies":[{"embeddable":true,"href":"https:\/\/www.ulcgtivry.fr\/blog\/wp-json\/wp\/v2\/comments?post=1385"}],"version-history":[{"count":0,"href":"https:\/\/www.ulcgtivry.fr\/blog\/wp-json\/wp\/v2\/posts\/1385\/revisions"}],"wp:attachment":[{"href":"https:\/\/www.ulcgtivry.fr\/blog\/wp-json\/wp\/v2\/media?parent=1385"}],"wp:term":[{"taxonomy":"category","embeddable":true,"href":"https:\/\/www.ulcgtivry.fr\/blog\/wp-json\/wp\/v2\/categories?post=1385"},{"taxonomy":"post_tag","embeddable":true,"href":"https:\/\/www.ulcgtivry.fr\/blog\/wp-json\/wp\/v2\/tags?post=1385"}],"curies":[{"name":"wp","href":"https:\/\/api.w.org\/{rel}","templated":true}]}}