{"id":1393,"date":"2023-02-02T13:08:50","date_gmt":"2023-02-02T12:08:50","guid":{"rendered":"https:\/\/www.ulcgtivry.fr\/blog\/?p=1393"},"modified":"2023-02-11T21:16:15","modified_gmt":"2023-02-11T20:16:15","slug":"reforme-des-retraites-retrait","status":"publish","type":"post","link":"https:\/\/www.ulcgtivry.fr\/blog\/2023\/02\/reforme-des-retraites-retrait\/","title":{"rendered":"R\u00e9forme des retraites : retrait !"},"content":{"rendered":"<p><center><\/p>\n<h5> R\u00e9forme des retraites : seuls le gouvernement et le medef en veulent. Retrait ! <\/h5>\n<p> <\/center><\/p>\n<p><center><img loading=\"lazy\" decoding=\"async\" src=\"https:\/\/ulcgtivry.fr\/blog\/wp-content\/uploads\/2023_uploads\/230202_Manif.png\" alt=\"Manifestations f\u00e9vrier 2023\" width=\"500\" height=\"250\"\/><\/center><\/p>\n<ul>\n<li> 2 millions de manifestants en France (400 000 \u00e0 Paris) le 19 janvier, <\/li>\n<li> plus de 2, 5 millions (500 000 \u00e0 Paris) le 31 janvier. <\/li>\n<\/ul>\n<p>Ce projet de r\u00e9forme des retraites, injuste et brutal, est rejet\u00e9 par 93 % des actifs. <\/p>\n<p>Amplifions encore la mobilisation les 7 et 11 f\u00e9vrier ! Unis et d\u00e9termin\u00e9s nous pouvons les faire reculer !<\/p>\n<p><img loading=\"lazy\" decoding=\"async\" src=\"https:\/\/ulcgtivry.fr\/blog\/wp-content\/uploads\/2023_uploads\/230202_Dossier_retraite.png\" alt=\"Dossier retraite \" width=\"300\" height=\"200\" class=\"alignright\"\/><\/a> <\/p>\n<h5> La CGT revendique : <\/h5>\n<ul>\n<li> le retour \u00e0 un d\u00e9part \u00e0 60 ans ; <\/li>\n<li> une pension minimum au niveau du SMIC \u00e0 2 000\u20ac ; <\/li>\n<li> la prise en compte des ann\u00e9es d&rsquo;\u00e9tudes. <\/li>\n<\/ul>\n<h5> Comment le financer ? <\/h5>\n<ul>\n<li> Fin des exon\u00e9rations de cotisations : c&rsquo;est 30 milliards d&rsquo;euros donn\u00e9s aux entreprises \u00e0 nos frais ; <\/li>\n<li> hausse du taux de cotisation des entreprises ; <\/li>\n<li> \u00e9galit\u00e9 femmes-hommes : la simple \u00e9galit\u00e9 des salaires cr\u00e9erait 5,5 milliards d&rsquo;euros de cotisation ; <\/li>\n<li> taxer les revenus du capital : les entreprises du Cac 40 ont revers\u00e9 plus de 80 milliards d&rsquo;euros aux actionnaires en 2022. Un record ! <\/li>\n<\/ul>\n<p><center><a href=\"https:\/\/ulcgtivry.fr\/blog\/wp-content\/uploads\/2023_uploads\/230223_Tract.pdf\" rel=\"noopener\" target=\"_blank\">T\u00e9l\u00e9chargez le tract<\/a> <\/p>\n<p><a href=\"https:\/\/ulcgtivry.fr\/blog\/wp-content\/uploads\/2023_uploads\/230223_Tract.pdf\" target=\"_blank\" rel=\"noopener\"><img loading=\"lazy\" decoding=\"async\" src=\"https:\/\/ulcgtivry.fr\/blog\/wp-content\/uploads\/2023_uploads\/230223_Tract.png\" alt=\"Tract URIF\" width=\"250\" height=\"300\"\/><\/a>  <\/p>\n<p><em> (Cliquez sur l\u2019image pour afficher le tract, effectuez un clic droit pour le t\u00e9l\u00e9charger sur votre ordinateur.)<\/em> <\/p>\n<p> <\/center><\/p>\n","protected":false},"excerpt":{"rendered":"<p>R\u00e9forme des retraites : seuls le gouvernement et le medef en veulent. Retrait ! 2 millions de manifestants en France (400 000 \u00e0 Paris) le&hellip; <\/p>\n","protected":false},"author":1,"featured_media":0,"comment_status":"closed","ping_status":"closed","sticky":false,"template":"","format":"standard","meta":{"ngg_post_thumbnail":0,"_jetpack_memberships_contains_paid_content":false,"footnotes":"","_links_to":"","_links_to_target":""},"categories":[3,4,47,61],"tags":[],"class_list":["post-1393","post","type-post","status-publish","format-standard","hentry","category-actualite","category-evenements","category-retraites","category-tracts"],"jetpack_featured_media_url":"","jetpack_sharing_enabled":true,"_links":{"self":[{"href":"https:\/\/www.ulcgtivry.fr\/blog\/wp-json\/wp\/v2\/posts\/1393","targetHints":{"allow":["GET"]}}],"collection":[{"href":"https:\/\/www.ulcgtivry.fr\/blog\/wp-json\/wp\/v2\/posts"}],"about":[{"href":"https:\/\/www.ulcgtivry.fr\/blog\/wp-json\/wp\/v2\/types\/post"}],"author":[{"embeddable":true,"href":"https:\/\/www.ulcgtivry.fr\/blog\/wp-json\/wp\/v2\/users\/1"}],"replies":[{"embeddable":true,"href":"https:\/\/www.ulcgtivry.fr\/blog\/wp-json\/wp\/v2\/comments?post=1393"}],"version-history":[{"count":0,"href":"https:\/\/www.ulcgtivry.fr\/blog\/wp-json\/wp\/v2\/posts\/1393\/revisions"}],"wp:attachment":[{"href":"https:\/\/www.ulcgtivry.fr\/blog\/wp-json\/wp\/v2\/media?parent=1393"}],"wp:term":[{"taxonomy":"category","embeddable":true,"href":"https:\/\/www.ulcgtivry.fr\/blog\/wp-json\/wp\/v2\/categories?post=1393"},{"taxonomy":"post_tag","embeddable":true,"href":"https:\/\/www.ulcgtivry.fr\/blog\/wp-json\/wp\/v2\/tags?post=1393"}],"curies":[{"name":"wp","href":"https:\/\/api.w.org\/{rel}","templated":true}]}}