{"id":1403,"date":"2023-02-03T21:58:46","date_gmt":"2023-02-03T20:58:46","guid":{"rendered":"https:\/\/www.ulcgtivry.fr\/blog\/?p=1403"},"modified":"2023-02-03T21:59:10","modified_gmt":"2023-02-03T20:59:10","slug":"mobilisation-aux-hopitaux-de-saint-maurice","status":"publish","type":"post","link":"https:\/\/www.ulcgtivry.fr\/blog\/2023\/02\/mobilisation-aux-hopitaux-de-saint-maurice\/","title":{"rendered":"Mobilisation aux h\u00f4pitaux de Saint-Maurice contre la r\u00e9forme des retraites"},"content":{"rendered":"<p>Vid\u00e9o sur la mobilisation du personnel des h\u00f4pitaux de Saint-Maurice contre la r\u00e9forme des retraites.<\/p>\n<p><center><a href=\"https:\/\/ulcgtivry.fr\/blog\/wp-content\/uploads\/2023_uploads\/230203_HSM.mp4\"><img loading=\"lazy\" decoding=\"async\" src=\"https:\/\/ulcgtivry.fr\/blog\/wp-content\/uploads\/2023_uploads\/230203_HSM.jpeg\" alt=\"Mobilisation aux h\u00f4pitaux de Saint-Maurice \" width=\"400\" height=\"300\"\/><\/a> <\/p>\n<p><em> Cliquez sur l&rsquo;image pour lancer la vid\u00e9o. <\/em> <\/p>\n<p><\/center><\/p>\n","protected":false},"excerpt":{"rendered":"<p>Vid\u00e9o sur la mobilisation du personnel des h\u00f4pitaux de Saint-Maurice contre la r\u00e9forme des retraites. Cliquez sur l&rsquo;image pour lancer la vid\u00e9o.<\/p>\n","protected":false},"author":1,"featured_media":0,"comment_status":"closed","ping_status":"closed","sticky":false,"template":"","format":"standard","meta":{"ngg_post_thumbnail":0,"_jetpack_memberships_contains_paid_content":false,"footnotes":"","_links_to":"","_links_to_target":""},"categories":[3,47],"tags":[48],"class_list":["post-1403","post","type-post","status-publish","format-standard","hentry","category-actualite","category-retraites","tag-retraites"],"jetpack_featured_media_url":"","jetpack_sharing_enabled":true,"_links":{"self":[{"href":"https:\/\/www.ulcgtivry.fr\/blog\/wp-json\/wp\/v2\/posts\/1403","targetHints":{"allow":["GET"]}}],"collection":[{"href":"https:\/\/www.ulcgtivry.fr\/blog\/wp-json\/wp\/v2\/posts"}],"about":[{"href":"https:\/\/www.ulcgtivry.fr\/blog\/wp-json\/wp\/v2\/types\/post"}],"author":[{"embeddable":true,"href":"https:\/\/www.ulcgtivry.fr\/blog\/wp-json\/wp\/v2\/users\/1"}],"replies":[{"embeddable":true,"href":"https:\/\/www.ulcgtivry.fr\/blog\/wp-json\/wp\/v2\/comments?post=1403"}],"version-history":[{"count":0,"href":"https:\/\/www.ulcgtivry.fr\/blog\/wp-json\/wp\/v2\/posts\/1403\/revisions"}],"wp:attachment":[{"href":"https:\/\/www.ulcgtivry.fr\/blog\/wp-json\/wp\/v2\/media?parent=1403"}],"wp:term":[{"taxonomy":"category","embeddable":true,"href":"https:\/\/www.ulcgtivry.fr\/blog\/wp-json\/wp\/v2\/categories?post=1403"},{"taxonomy":"post_tag","embeddable":true,"href":"https:\/\/www.ulcgtivry.fr\/blog\/wp-json\/wp\/v2\/tags?post=1403"}],"curies":[{"name":"wp","href":"https:\/\/api.w.org\/{rel}","templated":true}]}}