{"id":1409,"date":"2023-02-04T15:41:07","date_gmt":"2023-02-04T14:41:07","guid":{"rendered":"https:\/\/www.ulcgtivry.fr\/blog\/?p=1409"},"modified":"2023-02-04T15:42:30","modified_gmt":"2023-02-04T14:42:30","slug":"argumentaire-sur-la-reforme-des-retraites","status":"publish","type":"post","link":"https:\/\/www.ulcgtivry.fr\/blog\/2023\/02\/argumentaire-sur-la-reforme-des-retraites\/","title":{"rendered":"Argumentaire sur la r\u00e9forme des retraites"},"content":{"rendered":"<p>Dans cet argumentaire, vous trouverez des \u00e9l\u00e9ments de r\u00e9ponse aux questions suivantes.<\/p>\n<ul>\n<li> Le report de l\u2019\u00e2ge de d\u00e9part \u00e0 la retraite est-il n\u00e9cessaire pour \u00e9quilibrer les comptes ? Le syst\u00e8me du r\u00e9gime des retraites est-il en danger ? <\/li>\n<li> Le projet de r\u00e9forme 2023 pr\u00e9servera-t-il le syst\u00e8me des retraites par r\u00e9partition ? <\/li>\n<li> L\u2019esp\u00e9rance de vie augmentant, est-ce normal de reculer l\u2019\u00e2ge de la retraite ? <\/li>\n<li> Faut-il repousser l\u2019\u00e2ge l\u00e9gal de d\u00e9part \u00e0 la retraite pour ne pas baisser les pensions ? <\/li>\n<li> Alors quelles sont les v\u00e9ritables motivations de Macron ? <\/li>\n<li> Toute l\u2019Europe a d\u00e9j\u00e0 repouss\u00e9 l\u2019\u00e2ge l\u00e9gal de d\u00e9part en retraite. C\u2019est vrai mais est-ce une avanc\u00e9e&nbsp;? <\/li>\n<li> Pourquoi le projet de r\u00e9forme des retraites de Macron est in\u00e9galitaire et injuste&nbsp;? <\/li>\n<li> Index senior : une vieille id\u00e9e toujours inutile ?<\/li>\n<li> Quels sont les effets des r\u00e9formes ant\u00e9rieures sur l\u2019\u00e2ge moyen de d\u00e9part, sur le niveau des pensions ? <\/li>\n<li> Quel impact aurait un recul de l\u2019\u00e2ge de d\u00e9part \u00e0 la retraite \u00e0 65 ans en mati\u00e8re de pr\u00e9voyance sur les contrats des mutuelles ? <\/li>\n<li> Pourquoi veulent-ils supprimer la plupart des r\u00e9gimes sp\u00e9ciaux ? Que pensez-vous de la \u00ab&nbsp;clause du grand-p\u00e8re&nbsp;\u00bb ? <\/li>\n<li> La reforme 2023 est-elle encore plus dure que la pr\u00e9c\u00e9dente ? <\/li>\n<li> Une r\u00e9forme b\u00e9n\u00e9fique aux femmes ? <\/li>\n<li> Les travailleur\u00b7ses handicap\u00e9\u00b7es sont-elles et ils les grand\u00b7es oubli\u00e9\u00b7es, grandes victimes de la r\u00e9forme ? <\/li>\n<li> Quelles sont les propositions de la CGT ? <\/li>\n<li> Une fois cette r\u00e9forme r\u00e9gressive retir\u00e9e par le gouvernement, \u00eates-vous pour le statu quo ? D\u2019autres choix sont-ils possibles ? Quelle autre reforme pouvons-nous proposer et avec quel financement ? <\/li>\n<\/ul>\n<p><a href=\"https:\/\/ulcgtivry.fr\/blog\/wp-content\/uploads\/2023_uploads\/230203_QuestionnaireRetraite.pdf\" target=\"_blank\" rel=\"noopener\">T\u00e9l\u00e9chargez l&rsquo;argumentaire<\/a> <em> (Cliquez sur le lien pour afficher le document, effectuez un clic droit pour le t\u00e9l\u00e9charger sur votre ordinateur.) <\/em> <\/p>\n","protected":false},"excerpt":{"rendered":"<p>Dans cet argumentaire, vous trouverez des \u00e9l\u00e9ments de r\u00e9ponse aux questions suivantes. Le report de l\u2019\u00e2ge de d\u00e9part \u00e0 la retraite est-il n\u00e9cessaire pour \u00e9quilibrer&hellip; <\/p>\n","protected":false},"author":1,"featured_media":0,"comment_status":"closed","ping_status":"closed","sticky":false,"template":"","format":"standard","meta":{"ngg_post_thumbnail":0,"_jetpack_memberships_contains_paid_content":false,"footnotes":"","_links_to":"","_links_to_target":""},"categories":[47],"tags":[48],"class_list":["post-1409","post","type-post","status-publish","format-standard","hentry","category-retraites","tag-retraites"],"jetpack_featured_media_url":"","jetpack_sharing_enabled":true,"_links":{"self":[{"href":"https:\/\/www.ulcgtivry.fr\/blog\/wp-json\/wp\/v2\/posts\/1409","targetHints":{"allow":["GET"]}}],"collection":[{"href":"https:\/\/www.ulcgtivry.fr\/blog\/wp-json\/wp\/v2\/posts"}],"about":[{"href":"https:\/\/www.ulcgtivry.fr\/blog\/wp-json\/wp\/v2\/types\/post"}],"author":[{"embeddable":true,"href":"https:\/\/www.ulcgtivry.fr\/blog\/wp-json\/wp\/v2\/users\/1"}],"replies":[{"embeddable":true,"href":"https:\/\/www.ulcgtivry.fr\/blog\/wp-json\/wp\/v2\/comments?post=1409"}],"version-history":[{"count":0,"href":"https:\/\/www.ulcgtivry.fr\/blog\/wp-json\/wp\/v2\/posts\/1409\/revisions"}],"wp:attachment":[{"href":"https:\/\/www.ulcgtivry.fr\/blog\/wp-json\/wp\/v2\/media?parent=1409"}],"wp:term":[{"taxonomy":"category","embeddable":true,"href":"https:\/\/www.ulcgtivry.fr\/blog\/wp-json\/wp\/v2\/categories?post=1409"},{"taxonomy":"post_tag","embeddable":true,"href":"https:\/\/www.ulcgtivry.fr\/blog\/wp-json\/wp\/v2\/tags?post=1409"}],"curies":[{"name":"wp","href":"https:\/\/api.w.org\/{rel}","templated":true}]}}