{"id":1415,"date":"2023-02-04T22:00:48","date_gmt":"2023-02-04T21:00:48","guid":{"rendered":"https:\/\/www.ulcgtivry.fr\/blog\/?p=1415"},"modified":"2023-02-04T22:01:03","modified_gmt":"2023-02-04T21:01:03","slug":"assurance-chomage-le-decret-raccourcissant-les-droits-au-1-fevrier-est-pire-quannonce","status":"publish","type":"post","link":"https:\/\/www.ulcgtivry.fr\/blog\/2023\/02\/assurance-chomage-le-decret-raccourcissant-les-droits-au-1-fevrier-est-pire-quannonce\/","title":{"rendered":"Assurance ch\u00f4mage : le d\u00e9cret raccourcissant les droits au 1er f\u00e9vrier est pire qu\u2019annonc\u00e9"},"content":{"rendered":"<h5> Communiqu\u00e9 de presse de la CGT <\/h5>\n<p>Le d\u00e9cret r\u00e9duisant les droits \u00e0 assurance ch\u00f4mage a \u00e9t\u00e9 publi\u00e9 ce vendredi 27 janvier par le gouvernement, seulement cinq jours avant l\u2019entr\u00e9e en vigueur au 1 er f\u00e9vrier des r\u00e8gles encore durcies.<\/p>\n<p>Par ce texte, le gouvernement acte le principe de \u00ab contracyclicit\u00e9 \u00bb \u2013 c\u2019est-\u00e0 dire une variation selon le taux officiel de ch\u00f4mage \u2013 mais, en r\u00e9alit\u00e9, une violente baisse de la dur\u00e9e maximale des allocations ch\u00f4mage de 25% pour les allocataires. La moiti\u00e9 d\u2019entre elles et eux vont y perdre, entre 2 et 9 mois d\u2019indemnisation.<\/p>\n<p>Si le gouvernement avait finalement renonc\u00e9 \u00e0 y introduire une baisse encore plus importante des droits de 40%, il prend par surprise les organisations syndicales \u2013 toutes oppos\u00e9es \u00e0 cette r\u00e9forme &#8211; en ne confirmant pas toutes les exceptions promises.<\/p>\n<p>En effet, les b\u00e9n\u00e9ficiaires du Contrat de S\u00e9curisation Professionnelle et marins sans exception devaient \u00e9chapper \u00e0 l\u2019application de la r\u00e9forme.<\/p>\n<p>Finalement, le minist\u00e8re du Travail en a d\u00e9cid\u00e9 autrement, sans aucune consultation des organisations syndicales et patronales : les b\u00e9n\u00e9ficiaires des CSP seront bien touch\u00e9s par la baisse de droits \u00e0 l\u2019issue de leur ann\u00e9e sous CSP, en cas de retour au ch\u00f4mage sous le r\u00e9gime de droit commun.<\/p>\n<p>Parmi les marins, les marins p\u00eacheurs sont concern\u00e9s par la baisse, contrairement aux gens de mer ; une absurdit\u00e9 sur laquelle la CGT a alert\u00e9 dans le vide.<\/p>\n<p>Le gouvernement a pris les commandes de la gestion du r\u00e9gime d\u2019assurance ch\u00f4mage jusque fin 2023 pour passer en force son d\u00e9cret et casser les droits des demandeuses et demandeurs d\u2019emploi, tout en manipulant les chiffres du ch\u00f4mage et en acc\u00e9l\u00e9rant les radiations.<\/p>\n<p>La r\u00e9forme d\u2019assurance ch\u00f4mage qui entre en vigueur mercredi 1 er f\u00e9vrier touchera notamment de plein fouet les s\u00e9niors, alors m\u00eame que la r\u00e9forme des retraites pr\u00e9vue par l\u2019ex\u00e9cutif terminera de les envoyer droit vers les minima sociaux.<\/p>\n<p>C\u2019est pour cela et contre toutes les r\u00e9formes brutales et injustes du gouvernement que la CGT appelle \u00e0 une mobilisation encore plus forte le 31 janvier prochain aux c\u00f4t\u00e9s de toutes les organisations syndicales.<\/p>\n<p>Montreuil, le 27 janvier 2023<\/p>\n","protected":false},"excerpt":{"rendered":"<p>Communiqu\u00e9 de presse de la CGT Le d\u00e9cret r\u00e9duisant les droits \u00e0 assurance ch\u00f4mage a \u00e9t\u00e9 publi\u00e9 ce vendredi 27 janvier par le gouvernement, seulement&hellip; <\/p>\n","protected":false},"author":1,"featured_media":0,"comment_status":"closed","ping_status":"closed","sticky":false,"template":"","format":"standard","meta":{"ngg_post_thumbnail":0,"_jetpack_memberships_contains_paid_content":false,"footnotes":"","_links_to":"","_links_to_target":""},"categories":[3],"tags":[58],"class_list":["post-1415","post","type-post","status-publish","format-standard","hentry","category-actualite","tag-chomage"],"jetpack_featured_media_url":"","jetpack_sharing_enabled":true,"_links":{"self":[{"href":"https:\/\/www.ulcgtivry.fr\/blog\/wp-json\/wp\/v2\/posts\/1415","targetHints":{"allow":["GET"]}}],"collection":[{"href":"https:\/\/www.ulcgtivry.fr\/blog\/wp-json\/wp\/v2\/posts"}],"about":[{"href":"https:\/\/www.ulcgtivry.fr\/blog\/wp-json\/wp\/v2\/types\/post"}],"author":[{"embeddable":true,"href":"https:\/\/www.ulcgtivry.fr\/blog\/wp-json\/wp\/v2\/users\/1"}],"replies":[{"embeddable":true,"href":"https:\/\/www.ulcgtivry.fr\/blog\/wp-json\/wp\/v2\/comments?post=1415"}],"version-history":[{"count":0,"href":"https:\/\/www.ulcgtivry.fr\/blog\/wp-json\/wp\/v2\/posts\/1415\/revisions"}],"wp:attachment":[{"href":"https:\/\/www.ulcgtivry.fr\/blog\/wp-json\/wp\/v2\/media?parent=1415"}],"wp:term":[{"taxonomy":"category","embeddable":true,"href":"https:\/\/www.ulcgtivry.fr\/blog\/wp-json\/wp\/v2\/categories?post=1415"},{"taxonomy":"post_tag","embeddable":true,"href":"https:\/\/www.ulcgtivry.fr\/blog\/wp-json\/wp\/v2\/tags?post=1415"}],"curies":[{"name":"wp","href":"https:\/\/api.w.org\/{rel}","templated":true}]}}