{"id":1420,"date":"2023-02-04T22:04:33","date_gmt":"2023-02-04T21:04:33","guid":{"rendered":"https:\/\/www.ulcgtivry.fr\/blog\/?p=1420"},"modified":"2023-02-04T22:04:33","modified_gmt":"2023-02-04T21:04:33","slug":"realite-du-travail-pourquoi-travailler-plus-longtemps-nest-pas-possible","status":"publish","type":"post","link":"https:\/\/www.ulcgtivry.fr\/blog\/2023\/02\/realite-du-travail-pourquoi-travailler-plus-longtemps-nest-pas-possible\/","title":{"rendered":"R\u00e9alit\u00e9 du travail : pourquoi travailler plus longtemps n&rsquo;est pas possible&nbsp;?"},"content":{"rendered":"<p>Les salari\u00e9s ne peuvent pas travailler plus longtemps. Ch\u00f4mage \u00e9lev\u00e9 chez les seniors, in\u00e9galit\u00e9 de traitement pour les femmes, mauvaise prise en compte de la situation de handicap, p\u00e9nibilit\u00e9 du travail\u2026 Beaucoup de travailleurs ne sont pas en capacit\u00e9 de travailler plus longtemps.<\/p>\n<p>Lire l&rsquo;article sur le <a href=\"https:\/\/www.cgt.fr\/actualites\/france\/retraite\/mobilisation\/realite-du-travail-pourquoi-travailler-plus-longtemps-nest-pas-possible\" rel=\"noopener\" target=\"_blank\">site de la CGT<\/a>.<\/p>\n","protected":false},"excerpt":{"rendered":"<p>Les salari\u00e9s ne peuvent pas travailler plus longtemps. Ch\u00f4mage \u00e9lev\u00e9 chez les seniors, in\u00e9galit\u00e9 de traitement pour les femmes, mauvaise prise en compte de la&hellip; <\/p>\n","protected":false},"author":1,"featured_media":0,"comment_status":"closed","ping_status":"closed","sticky":false,"template":"","format":"standard","meta":{"ngg_post_thumbnail":0,"_jetpack_memberships_contains_paid_content":false,"footnotes":"","_links_to":"","_links_to_target":""},"categories":[3,47],"tags":[],"class_list":["post-1420","post","type-post","status-publish","format-standard","hentry","category-actualite","category-retraites"],"jetpack_featured_media_url":"","jetpack_sharing_enabled":true,"_links":{"self":[{"href":"https:\/\/www.ulcgtivry.fr\/blog\/wp-json\/wp\/v2\/posts\/1420","targetHints":{"allow":["GET"]}}],"collection":[{"href":"https:\/\/www.ulcgtivry.fr\/blog\/wp-json\/wp\/v2\/posts"}],"about":[{"href":"https:\/\/www.ulcgtivry.fr\/blog\/wp-json\/wp\/v2\/types\/post"}],"author":[{"embeddable":true,"href":"https:\/\/www.ulcgtivry.fr\/blog\/wp-json\/wp\/v2\/users\/1"}],"replies":[{"embeddable":true,"href":"https:\/\/www.ulcgtivry.fr\/blog\/wp-json\/wp\/v2\/comments?post=1420"}],"version-history":[{"count":0,"href":"https:\/\/www.ulcgtivry.fr\/blog\/wp-json\/wp\/v2\/posts\/1420\/revisions"}],"wp:attachment":[{"href":"https:\/\/www.ulcgtivry.fr\/blog\/wp-json\/wp\/v2\/media?parent=1420"}],"wp:term":[{"taxonomy":"category","embeddable":true,"href":"https:\/\/www.ulcgtivry.fr\/blog\/wp-json\/wp\/v2\/categories?post=1420"},{"taxonomy":"post_tag","embeddable":true,"href":"https:\/\/www.ulcgtivry.fr\/blog\/wp-json\/wp\/v2\/tags?post=1420"}],"curies":[{"name":"wp","href":"https:\/\/api.w.org\/{rel}","templated":true}]}}