{"id":1423,"date":"2023-02-04T22:11:25","date_gmt":"2023-02-04T21:11:25","guid":{"rendered":"https:\/\/www.ulcgtivry.fr\/blog\/?p=1423"},"modified":"2023-02-04T22:11:25","modified_gmt":"2023-02-04T21:11:25","slug":"une-bonne-retraite-pour-tou%c2%b7tes-plutot-quune-rente-pour-le-capital","status":"publish","type":"post","link":"https:\/\/www.ulcgtivry.fr\/blog\/2023\/02\/une-bonne-retraite-pour-tou%c2%b7tes-plutot-quune-rente-pour-le-capital\/","title":{"rendered":"Une bonne retraite pour tou\u00b7tes, plut\u00f4t qu\u2019une rente pour le capital"},"content":{"rendered":"<p>\u00ab&nbsp;C\u2019est nous qui cr\u00e9ons les richesses de ce pays, c\u2019est \u00e0 nous de d\u00e9cider et de rendre possible une belle retraite \u00e0 60 ans avec au minimum 2&nbsp;000&nbsp;\u20ac brut&nbsp;\u00bb, Catherine Perret, secr\u00e9taire conf\u00e9d\u00e9rale de la Cgt, en charge des retraites et de la protection sociale.  <\/p>\n<p>Rappelons que la part des salaires dans la valeur ajout\u00e9e a baiss\u00e9\u0301 de 8,7 points depuis 1982, soit l&rsquo;\u00e9quivalent de 112 milliards&nbsp;\u20ac. <\/p>\n<p>L\u2019annulation des exon\u00e9rations de cotisations (pr\u00e8s de 85 Mds &nbsp;\u20ac pour 2023) rapporterait 18,4 Mds&nbsp;\u20ac pour la branche vieillesse, sans compter les \u00e9conomies pour le budget de l\u2019\u00c9tat qui aujourd\u2019hui compense partiellement ces exon\u00e9rations. <strong>C\u2019est aux employeurs de payer, pas \u00e0 l\u2019\u00c9tat.<\/strong><\/p>\n<p>Lire l&rsquo;article sur le <a href=\"https:\/\/www.cgt.fr\/actualites\/france\/retraite\/mobilisation\/une-bonne-retraite-pour-toutes-plutot-quune-rente-pour-le-capital\" rel=\"noopener\" target=\"_blank\">site de la CGT<\/a>.<\/p>\n","protected":false},"excerpt":{"rendered":"<p>\u00ab&nbsp;C\u2019est nous qui cr\u00e9ons les richesses de ce pays, c\u2019est \u00e0 nous de d\u00e9cider et de rendre possible une belle retraite \u00e0 60 ans avec&hellip; <\/p>\n","protected":false},"author":1,"featured_media":0,"comment_status":"closed","ping_status":"closed","sticky":false,"template":"","format":"standard","meta":{"ngg_post_thumbnail":0,"_jetpack_memberships_contains_paid_content":false,"footnotes":"","_links_to":"","_links_to_target":""},"categories":[3,47],"tags":[],"class_list":["post-1423","post","type-post","status-publish","format-standard","hentry","category-actualite","category-retraites"],"jetpack_featured_media_url":"","jetpack_sharing_enabled":true,"_links":{"self":[{"href":"https:\/\/www.ulcgtivry.fr\/blog\/wp-json\/wp\/v2\/posts\/1423","targetHints":{"allow":["GET"]}}],"collection":[{"href":"https:\/\/www.ulcgtivry.fr\/blog\/wp-json\/wp\/v2\/posts"}],"about":[{"href":"https:\/\/www.ulcgtivry.fr\/blog\/wp-json\/wp\/v2\/types\/post"}],"author":[{"embeddable":true,"href":"https:\/\/www.ulcgtivry.fr\/blog\/wp-json\/wp\/v2\/users\/1"}],"replies":[{"embeddable":true,"href":"https:\/\/www.ulcgtivry.fr\/blog\/wp-json\/wp\/v2\/comments?post=1423"}],"version-history":[{"count":0,"href":"https:\/\/www.ulcgtivry.fr\/blog\/wp-json\/wp\/v2\/posts\/1423\/revisions"}],"wp:attachment":[{"href":"https:\/\/www.ulcgtivry.fr\/blog\/wp-json\/wp\/v2\/media?parent=1423"}],"wp:term":[{"taxonomy":"category","embeddable":true,"href":"https:\/\/www.ulcgtivry.fr\/blog\/wp-json\/wp\/v2\/categories?post=1423"},{"taxonomy":"post_tag","embeddable":true,"href":"https:\/\/www.ulcgtivry.fr\/blog\/wp-json\/wp\/v2\/tags?post=1423"}],"curies":[{"name":"wp","href":"https:\/\/api.w.org\/{rel}","templated":true}]}}