{"id":1426,"date":"2023-02-04T22:15:12","date_gmt":"2023-02-04T21:15:12","guid":{"rendered":"https:\/\/www.ulcgtivry.fr\/blog\/?p=1426"},"modified":"2023-02-04T22:15:12","modified_gmt":"2023-02-04T21:15:12","slug":"les-cancers-professionnels-une-epidemie-silencieuse","status":"publish","type":"post","link":"https:\/\/www.ulcgtivry.fr\/blog\/2023\/02\/les-cancers-professionnels-une-epidemie-silencieuse\/","title":{"rendered":"Les cancers professionnels, une \u00e9pid\u00e9mie silencieuse"},"content":{"rendered":"<p>En pronon\u00e7ant un non-lieu d\u00e9finitif \u00e0 propos de la chlord\u00e9cone, ce pesticide provoquant de nombreux cancers, la justice a braqu\u00e9 les projecteurs sur la question des cancers professionnels. Ceux-ci constitueraient la premi\u00e8re cause de d\u00e9c\u00e8s li\u00e9s \u00e0 l\u2019activit\u00e9 professionnelle en Europe.<\/p>\n<p>Dans son livre \u00ab Mourir de son travail aujourd\u2019hui \u00bb, la sociologue et historienne Anne Marchand estime entre 52 000 et 82 000 le nombre de nouveaux cancers d\u2019origine professionnelle par an, alors que seuls 1 633 sont reconnus comme tels par la branche Accidents du travail &#8211; Maladies professionnelles (AT-MP) de la S\u00e9curit\u00e9 sociale.`<\/p>\n<p>Lire l&rsquo;article sur le <a href=\"https:\/\/www.cgt.fr\/actualites\/france\/retraite\/mobilisation\/les-cancers-professionnels-une-epidemie-silencieuse\" rel=\"noopener\" target=\"_blank\">site de la CGT<\/a>.<\/p>\n","protected":false},"excerpt":{"rendered":"<p>En pronon\u00e7ant un non-lieu d\u00e9finitif \u00e0 propos de la chlord\u00e9cone, ce pesticide provoquant de nombreux cancers, la justice a braqu\u00e9 les projecteurs sur la question&hellip; <\/p>\n","protected":false},"author":1,"featured_media":0,"comment_status":"closed","ping_status":"closed","sticky":false,"template":"","format":"standard","meta":{"ngg_post_thumbnail":0,"_jetpack_memberships_contains_paid_content":false,"footnotes":"","_links_to":"","_links_to_target":""},"categories":[3],"tags":[40],"class_list":["post-1426","post","type-post","status-publish","format-standard","hentry","category-actualite","tag-securite"],"jetpack_featured_media_url":"","jetpack_sharing_enabled":true,"_links":{"self":[{"href":"https:\/\/www.ulcgtivry.fr\/blog\/wp-json\/wp\/v2\/posts\/1426","targetHints":{"allow":["GET"]}}],"collection":[{"href":"https:\/\/www.ulcgtivry.fr\/blog\/wp-json\/wp\/v2\/posts"}],"about":[{"href":"https:\/\/www.ulcgtivry.fr\/blog\/wp-json\/wp\/v2\/types\/post"}],"author":[{"embeddable":true,"href":"https:\/\/www.ulcgtivry.fr\/blog\/wp-json\/wp\/v2\/users\/1"}],"replies":[{"embeddable":true,"href":"https:\/\/www.ulcgtivry.fr\/blog\/wp-json\/wp\/v2\/comments?post=1426"}],"version-history":[{"count":0,"href":"https:\/\/www.ulcgtivry.fr\/blog\/wp-json\/wp\/v2\/posts\/1426\/revisions"}],"wp:attachment":[{"href":"https:\/\/www.ulcgtivry.fr\/blog\/wp-json\/wp\/v2\/media?parent=1426"}],"wp:term":[{"taxonomy":"category","embeddable":true,"href":"https:\/\/www.ulcgtivry.fr\/blog\/wp-json\/wp\/v2\/categories?post=1426"},{"taxonomy":"post_tag","embeddable":true,"href":"https:\/\/www.ulcgtivry.fr\/blog\/wp-json\/wp\/v2\/tags?post=1426"}],"curies":[{"name":"wp","href":"https:\/\/api.w.org\/{rel}","templated":true}]}}