{"id":1428,"date":"2023-02-08T20:02:25","date_gmt":"2023-02-08T19:02:25","guid":{"rendered":"https:\/\/www.ulcgtivry.fr\/blog\/?p=1428"},"modified":"2023-02-08T20:15:33","modified_gmt":"2023-02-08T19:15:33","slug":"non-a-la-reforme-des-retraites-marche-aux-flambeaux-a-ivry-sur-seine","status":"publish","type":"post","link":"https:\/\/www.ulcgtivry.fr\/blog\/2023\/02\/non-a-la-reforme-des-retraites-marche-aux-flambeaux-a-ivry-sur-seine\/","title":{"rendered":"Non \u00e0 la r\u00e9forme des retraites : marche aux flambeaux \u00e0 Ivry-sur-Seine"},"content":{"rendered":"<p>La marche aux flambeaux \u00e0 Ivry en images<\/p>\n<p class=\"clear\">ngg_shortcode_0_placeholder<p class=\"clear\">\n<p>et en vid\u00e9o !<\/p>\n<p><center><a href=\"https:\/\/ulcgtivry.fr\/blog\/wp-content\/uploads\/2023_uploads\/230208_flambeaux_Ivry.mp4\"><img loading=\"lazy\" decoding=\"async\" src=\"https:\/\/ulcgtivry.fr\/blog\/wp-content\/uploads\/2023_uploads\/230208_flambeaux_Ivry.jpeg\" alt=\"Marche aux flambeaux\" width=\"400\" height=\"300\"\/><\/a> <\/center><\/p>\n","protected":false},"excerpt":{"rendered":"<p>La marche aux flambeaux \u00e0 Ivry en images et en vid\u00e9o !<\/p>\n","protected":false},"author":1,"featured_media":0,"comment_status":"closed","ping_status":"closed","sticky":false,"template":"","format":"standard","meta":{"ngg_post_thumbnail":0,"_jetpack_memberships_contains_paid_content":false,"footnotes":"","_links_to":"","_links_to_target":""},"categories":[3,47],"tags":[48],"class_list":["post-1428","post","type-post","status-publish","format-standard","hentry","category-actualite","category-retraites","tag-retraites"],"jetpack_featured_media_url":"","jetpack_sharing_enabled":true,"_links":{"self":[{"href":"https:\/\/www.ulcgtivry.fr\/blog\/wp-json\/wp\/v2\/posts\/1428","targetHints":{"allow":["GET"]}}],"collection":[{"href":"https:\/\/www.ulcgtivry.fr\/blog\/wp-json\/wp\/v2\/posts"}],"about":[{"href":"https:\/\/www.ulcgtivry.fr\/blog\/wp-json\/wp\/v2\/types\/post"}],"author":[{"embeddable":true,"href":"https:\/\/www.ulcgtivry.fr\/blog\/wp-json\/wp\/v2\/users\/1"}],"replies":[{"embeddable":true,"href":"https:\/\/www.ulcgtivry.fr\/blog\/wp-json\/wp\/v2\/comments?post=1428"}],"version-history":[{"count":0,"href":"https:\/\/www.ulcgtivry.fr\/blog\/wp-json\/wp\/v2\/posts\/1428\/revisions"}],"wp:attachment":[{"href":"https:\/\/www.ulcgtivry.fr\/blog\/wp-json\/wp\/v2\/media?parent=1428"}],"wp:term":[{"taxonomy":"category","embeddable":true,"href":"https:\/\/www.ulcgtivry.fr\/blog\/wp-json\/wp\/v2\/categories?post=1428"},{"taxonomy":"post_tag","embeddable":true,"href":"https:\/\/www.ulcgtivry.fr\/blog\/wp-json\/wp\/v2\/tags?post=1428"}],"curies":[{"name":"wp","href":"https:\/\/api.w.org\/{rel}","templated":true}]}}