{"id":1444,"date":"2023-02-13T16:28:53","date_gmt":"2023-02-13T15:28:53","guid":{"rendered":"https:\/\/www.ulcgtivry.fr\/blog\/?p=1444"},"modified":"2023-02-13T16:28:53","modified_gmt":"2023-02-13T15:28:53","slug":"caisse-de-solidarite-avec-les-grevistes","status":"publish","type":"post","link":"https:\/\/www.ulcgtivry.fr\/blog\/2023\/02\/caisse-de-solidarite-avec-les-grevistes\/","title":{"rendered":"Caisse de solidarit\u00e9 avec les gr\u00e9vistes"},"content":{"rendered":"<p>La CGT a cr\u00e9\u00e9 une caisse en solidarit\u00e9 aux gr\u00e9vistes mobilis\u00e9s pour gagner une r\u00e9forme des retraites plus juste et plus solidaire. Vous pouvez souscrire en ligne depuis le site de la CGT ou par ch\u00e8que.<\/p>\n<p>L\u2019engagement dans la lutte de nombreux secteurs professionnels donne confiance et espoir pour gagner l\u2019abandon et un autre projet de r\u00e9forme du syst\u00e8me de retraite.<\/p>\n<p>Nombreux sont ceux qui souhaitent apporter leur soutien, leurs encouragements aux salari\u00e9s en lutte en contribuant financi\u00e8rement. <\/p>\n<p>Si vous souhaitez apporter votre soutien financier aux salari\u00e9s engag\u00e9s dans la gr\u00e8ve reconductible, la Conf\u00e9d\u00e9ration G\u00e9n\u00e9rale du Travail organise la solidarit\u00e9 financi\u00e8re qui leur sera enti\u00e8rement d\u00e9di\u00e9e avec une redistribution transparente entre les divers secteurs professionnels concern\u00e9s.<\/p>\n<p>Pour contribuer \u00e0 la solidarit\u00e9 financi\u00e8re :<\/p>\n<ul>\n<li> Par ch\u00e8que : \u00e0 l&rsquo;ordre de \u00ab&nbsp;Solidarit\u00e9 CGT Mobilisation&nbsp;\u00bb adress\u00e9 \u00e0&nbsp;:&nbsp;\u00ab&nbsp;Conf\u00e9d\u00e9ration G\u00e9n\u00e9rale du Travail Service Comptabilit\u00e9&nbsp;\u00bb<br \/>\n263 rue de Paris<br \/>\n93100 Montreuil. <\/li>\n<li> En ligne, en cliquant sur <a href=\"http:\/\/www.leetchi.com\/c\/solidarite-cgt-mobilisation\">Solidarit\u00e9 Gr\u00e9vistes<\/a>.<\/li>\n<\/ul>\n","protected":false},"excerpt":{"rendered":"<p>La CGT a cr\u00e9\u00e9 une caisse en solidarit\u00e9 aux gr\u00e9vistes mobilis\u00e9s pour gagner une r\u00e9forme des retraites plus juste et plus solidaire. Vous pouvez souscrire&hellip; <\/p>\n","protected":false},"author":1,"featured_media":0,"comment_status":"closed","ping_status":"closed","sticky":false,"template":"","format":"standard","meta":{"ngg_post_thumbnail":0,"_jetpack_memberships_contains_paid_content":false,"footnotes":"","_links_to":"","_links_to_target":""},"categories":[3,47],"tags":[45,48],"class_list":["post-1444","post","type-post","status-publish","format-standard","hentry","category-actualite","category-retraites","tag-luttes","tag-retraites"],"jetpack_featured_media_url":"","jetpack_sharing_enabled":true,"_links":{"self":[{"href":"https:\/\/www.ulcgtivry.fr\/blog\/wp-json\/wp\/v2\/posts\/1444","targetHints":{"allow":["GET"]}}],"collection":[{"href":"https:\/\/www.ulcgtivry.fr\/blog\/wp-json\/wp\/v2\/posts"}],"about":[{"href":"https:\/\/www.ulcgtivry.fr\/blog\/wp-json\/wp\/v2\/types\/post"}],"author":[{"embeddable":true,"href":"https:\/\/www.ulcgtivry.fr\/blog\/wp-json\/wp\/v2\/users\/1"}],"replies":[{"embeddable":true,"href":"https:\/\/www.ulcgtivry.fr\/blog\/wp-json\/wp\/v2\/comments?post=1444"}],"version-history":[{"count":0,"href":"https:\/\/www.ulcgtivry.fr\/blog\/wp-json\/wp\/v2\/posts\/1444\/revisions"}],"wp:attachment":[{"href":"https:\/\/www.ulcgtivry.fr\/blog\/wp-json\/wp\/v2\/media?parent=1444"}],"wp:term":[{"taxonomy":"category","embeddable":true,"href":"https:\/\/www.ulcgtivry.fr\/blog\/wp-json\/wp\/v2\/categories?post=1444"},{"taxonomy":"post_tag","embeddable":true,"href":"https:\/\/www.ulcgtivry.fr\/blog\/wp-json\/wp\/v2\/tags?post=1444"}],"curies":[{"name":"wp","href":"https:\/\/api.w.org\/{rel}","templated":true}]}}