{"id":1446,"date":"2023-02-13T18:45:16","date_gmt":"2023-02-13T17:45:16","guid":{"rendered":"https:\/\/www.ulcgtivry.fr\/blog\/?p=1446"},"modified":"2023-02-13T18:45:16","modified_gmt":"2023-02-13T17:45:16","slug":"histoire-des-retraites-retour-sur-les-annees-1990-et-2000","status":"publish","type":"post","link":"https:\/\/www.ulcgtivry.fr\/blog\/2023\/02\/histoire-des-retraites-retour-sur-les-annees-1990-et-2000\/","title":{"rendered":"Histoire des retraites. Retour sur les ann\u00e9es 1990 et 2000."},"content":{"rendered":"<p>Alors que le mouvement social contre la r\u00e9forme des retraites bat son plein, l&rsquo;IHS CGT (Institut d&rsquo;histoire sociale CGT) vous propose un retour sur les ann\u00e9es 1990 et 2000, p\u00e9riode marqu\u00e9e par des attaques r\u00e9p\u00e9t\u00e9es contre notre syst\u00e8me de retraites h\u00e9rit\u00e9 de l&rsquo;apr\u00e8s-guerre.<\/p>\n<p>Quatre syndicalistes, tous acteurs de la p\u00e9riode en charge du dossier des retraites, ont \u00e9t\u00e9 r\u00e9unis pour une table ronde qui s&rsquo;est d\u00e9roul\u00e9e le 15 d\u00e9cembre dernier, dans les locaux de l&rsquo;IHS CGT : <strong>Jean-Louis Butour<\/strong>, charg\u00e9 de mission conf\u00e9d\u00e9ral sur le dossier retraites de 2007 \u00e0 2017, <strong>Mijo Isabey<\/strong>, conseill\u00e8re conf\u00e9d\u00e9rale en charge du dossier retraites de 1999 \u00e0 2019, <strong>Jean-Christophe Le Duigou<\/strong>, membre du Bureau conf\u00e9d\u00e9ral de 1999 \u00e0 2009, en charge du dossier retraites et <strong>Bernard Thibault<\/strong>, secr\u00e9taire g\u00e9n\u00e9ral de la CGT de 1999 \u00e0 2013.<\/p>\n<ul>\n<li> Acc\u00e9dez au compte rendu de la table ronde en cliquant sur ce <a href=\"https:\/\/www.ihs.cgt.fr\/histoire-des-retraites-retour-sur-les-annees-1990-et-2000\/\">lien<\/a> ; <\/li>\n<li> t\u00e9l\u00e9chargez le <a href=\"https:\/\/www.ihs.cgt.fr\/wp-content\/uploads\/2023\/02\/Table_ronde_IHSCGT_15.12.22.pdf\">compte rendu<\/a> : effectuez un clic gauche sur le lien pour afficher le fichier, un clic droit pour t\u00e9l\u00e9charger le fichier. <\/li>\n<\/ul>\n","protected":false},"excerpt":{"rendered":"<p>Alors que le mouvement social contre la r\u00e9forme des retraites bat son plein, l&rsquo;IHS CGT (Institut d&rsquo;histoire sociale CGT) vous propose un retour sur les&hellip; <\/p>\n","protected":false},"author":1,"featured_media":0,"comment_status":"closed","ping_status":"closed","sticky":false,"template":"","format":"standard","meta":{"ngg_post_thumbnail":0,"_jetpack_memberships_contains_paid_content":false,"footnotes":"","_links_to":"","_links_to_target":""},"categories":[47],"tags":[30,48],"class_list":["post-1446","post","type-post","status-publish","format-standard","hentry","category-retraites","tag-mouvement-ouvrier","tag-retraites"],"jetpack_featured_media_url":"","jetpack_sharing_enabled":true,"_links":{"self":[{"href":"https:\/\/www.ulcgtivry.fr\/blog\/wp-json\/wp\/v2\/posts\/1446","targetHints":{"allow":["GET"]}}],"collection":[{"href":"https:\/\/www.ulcgtivry.fr\/blog\/wp-json\/wp\/v2\/posts"}],"about":[{"href":"https:\/\/www.ulcgtivry.fr\/blog\/wp-json\/wp\/v2\/types\/post"}],"author":[{"embeddable":true,"href":"https:\/\/www.ulcgtivry.fr\/blog\/wp-json\/wp\/v2\/users\/1"}],"replies":[{"embeddable":true,"href":"https:\/\/www.ulcgtivry.fr\/blog\/wp-json\/wp\/v2\/comments?post=1446"}],"version-history":[{"count":0,"href":"https:\/\/www.ulcgtivry.fr\/blog\/wp-json\/wp\/v2\/posts\/1446\/revisions"}],"wp:attachment":[{"href":"https:\/\/www.ulcgtivry.fr\/blog\/wp-json\/wp\/v2\/media?parent=1446"}],"wp:term":[{"taxonomy":"category","embeddable":true,"href":"https:\/\/www.ulcgtivry.fr\/blog\/wp-json\/wp\/v2\/categories?post=1446"},{"taxonomy":"post_tag","embeddable":true,"href":"https:\/\/www.ulcgtivry.fr\/blog\/wp-json\/wp\/v2\/tags?post=1446"}],"curies":[{"name":"wp","href":"https:\/\/api.w.org\/{rel}","templated":true}]}}