{"id":1448,"date":"2023-02-13T22:00:51","date_gmt":"2023-02-13T21:00:51","guid":{"rendered":"https:\/\/www.ulcgtivry.fr\/blog\/?p=1448"},"modified":"2023-02-13T22:00:51","modified_gmt":"2023-02-13T21:00:51","slug":"pour-le-retrait-total-de-la-reforme-des-retraites-marche-aux-flambeaux-de-maisons-alfort-a-alfortville","status":"publish","type":"post","link":"https:\/\/www.ulcgtivry.fr\/blog\/2023\/02\/pour-le-retrait-total-de-la-reforme-des-retraites-marche-aux-flambeaux-de-maisons-alfort-a-alfortville\/","title":{"rendered":"Pour le retrait total de la r\u00e9forme des retraites ! Marche aux flambeaux de Maisons-Alfort \u00e0 Alfortville"},"content":{"rendered":"<p>Les derni\u00e8res mobilisations ont encore atteint des records de participation dans tout le pays. Pourtant, le gouvernement maintient son projet de r\u00e9forme et affirme que rien n&rsquo;est n\u00e9gociable :<\/p>\n<ul>\n<li> recul de l&rsquo;\u00e2ge du d\u00e9part \u00e0 la retraite \u00e0 64 ans ; <\/li>\n<li> acc\u00e9l\u00e9ration du passage \u00e0 43 annuit\u00e9s pour avoir une retraite \u00e0 taux plein ; <\/li>\n<li> suppression des r\u00e9gimes sp\u00e9ciaux, sauf ceux des fonctionnaires d&rsquo;\u00c9tat (S\u00e9nat, Assembl\u00e9e nationale&#8230;). <\/li>\n<\/ul>\n<p><a href=\"https:\/\/ulcgtivry.fr\/blog\/wp-content\/uploads\/2023_uploads\/230215_Retraites1.jpg\"><img loading=\"lazy\" decoding=\"async\" src=\"https:\/\/ulcgtivry.fr\/blog\/wp-content\/uploads\/2023_uploads\/230215_Retraites1.jpg\" alt=\"MArche aux flambeaux\" width=\"250\" height=\"300\" class=\"alignleft\"\/><\/a><a href=\"https:\/\/ulcgtivry.fr\/blog\/wp-content\/uploads\/2023_uploads\/230215_Retraites2.jpg\"><img loading=\"lazy\" decoding=\"async\" src=\"https:\/\/ulcgtivry.fr\/blog\/wp-content\/uploads\/2023_uploads\/230215_Retraites2.jpg\" alt=\"MArche aux flambeaux\" width=\"250\" height=\"300\" class=\"alignright\"\/><\/a> Ce projet, soutenu par un gouvernement sans majorit\u00e9, est injuste et inacceptable.<\/p>\n<p>Nous, agents des m\u00e9tiers de l&rsquo;\u00c9ducation, travailleuses et travailleurs d&rsquo;Alfortville et Maisons-Alfort, appelons tous les citoyens et citoyennes \u00e0 continuer \u00e0 se mobiliser et \u00e0 nous rejoindre :<\/p>\n<ul>\n<li> <strong>mercredi 15 f\u00e9vrier \u00e0 12h<\/strong>, rassemblement devant la pr\u00e9fecture de Cr\u00e9teil puis manifestation ; <\/li>\n<li> <strong>mercredi 15 f\u00e9vrier de 19h \u00e0 21h30<\/strong>, marche aux flambeaux, d\u00e9part de la mairie de Maisons-Alfort \/ arriv\u00e9e \u00e0 la mairie d&rsquo;Alfortville (buvette associative) ; <\/li>\n<li> <strong>jeudi 16 f\u00e9vrier<\/strong> : appel national \u00e0 la gr\u00e8ve et manifestation. <\/li>\n<\/ul>\n","protected":false},"excerpt":{"rendered":"<p>Les derni\u00e8res mobilisations ont encore atteint des records de participation dans tout le pays. Pourtant, le gouvernement maintient son projet de r\u00e9forme et affirme que&hellip; <\/p>\n","protected":false},"author":1,"featured_media":0,"comment_status":"closed","ping_status":"closed","sticky":false,"template":"","format":"standard","meta":{"ngg_post_thumbnail":0,"_jetpack_memberships_contains_paid_content":false,"footnotes":"","_links_to":"","_links_to_target":""},"categories":[3,4,47,61],"tags":[48],"class_list":["post-1448","post","type-post","status-publish","format-standard","hentry","category-actualite","category-evenements","category-retraites","category-tracts","tag-retraites"],"jetpack_featured_media_url":"","jetpack_sharing_enabled":true,"_links":{"self":[{"href":"https:\/\/www.ulcgtivry.fr\/blog\/wp-json\/wp\/v2\/posts\/1448","targetHints":{"allow":["GET"]}}],"collection":[{"href":"https:\/\/www.ulcgtivry.fr\/blog\/wp-json\/wp\/v2\/posts"}],"about":[{"href":"https:\/\/www.ulcgtivry.fr\/blog\/wp-json\/wp\/v2\/types\/post"}],"author":[{"embeddable":true,"href":"https:\/\/www.ulcgtivry.fr\/blog\/wp-json\/wp\/v2\/users\/1"}],"replies":[{"embeddable":true,"href":"https:\/\/www.ulcgtivry.fr\/blog\/wp-json\/wp\/v2\/comments?post=1448"}],"version-history":[{"count":0,"href":"https:\/\/www.ulcgtivry.fr\/blog\/wp-json\/wp\/v2\/posts\/1448\/revisions"}],"wp:attachment":[{"href":"https:\/\/www.ulcgtivry.fr\/blog\/wp-json\/wp\/v2\/media?parent=1448"}],"wp:term":[{"taxonomy":"category","embeddable":true,"href":"https:\/\/www.ulcgtivry.fr\/blog\/wp-json\/wp\/v2\/categories?post=1448"},{"taxonomy":"post_tag","embeddable":true,"href":"https:\/\/www.ulcgtivry.fr\/blog\/wp-json\/wp\/v2\/tags?post=1448"}],"curies":[{"name":"wp","href":"https:\/\/api.w.org\/{rel}","templated":true}]}}