{"id":1455,"date":"2023-02-14T11:52:15","date_gmt":"2023-02-14T10:52:15","guid":{"rendered":"https:\/\/www.ulcgtivry.fr\/blog\/?p=1455"},"modified":"2023-02-14T11:52:15","modified_gmt":"2023-02-14T10:52:15","slug":"contre-la-contre-reforme-des-retraites-appel-intersyndical-devant-la-prefecture-du-val-de-marne-a-creteil-le-mercredi-15-fevrier-2023-de-12h-a-14h","status":"publish","type":"post","link":"https:\/\/www.ulcgtivry.fr\/blog\/2023\/02\/contre-la-contre-reforme-des-retraites-appel-intersyndical-devant-la-prefecture-du-val-de-marne-a-creteil-le-mercredi-15-fevrier-2023-de-12h-a-14h\/","title":{"rendered":"Contre la contre-r\u00e9forme des retraites : appel intersyndical <br> devant la pr\u00e9fecture du Val-de-Marne \u00e0 Cr\u00e9teil le mercredi 15 f\u00e9vrier 2023 de 12h \u00e0 14h"},"content":{"rendered":"<p>Apr\u00e8s l\u2019ind\u00e9niable r\u00e9ussite des journ\u00e9es de gr\u00e8ve et de manifestations des 19 et 31 janvier, 7 et 11 f\u00e9vrier, qui ont d\u00e9montr\u00e9 le rejet massif de la contre-r\u00e9forme des retraites, les Unions D\u00e9partementales du Val-de-Marne SOLIDAIRES, CGT, CFDT, FSU, UNSA, CFTC et CFE-CGC appellent \u00e0 une action d\u00e9partementale devant la pr\u00e9fecture du Val-de-Marne \u00e0 Cr\u00e9teil, le mercredi 15 f\u00e9vrier 2023 de 12h \u00e0 14h. <\/p>\n<p><center><a href=\"https:\/\/ulcgtivry.fr\/blog\/wp-content\/uploads\/2023_uploads\/230215_RassembtPref.pdf\" target=\"_blank\" rel=\"noopener\"><img loading=\"lazy\" decoding=\"async\" src=\"https:\/\/ulcgtivry.fr\/blog\/wp-content\/uploads\/2023_uploads\/230215_RassembtPref.jpeg\" alt=\"rassemblement 15 fev. \" width=\"250\" height=\"300\"\/><\/a> <\/center><\/p>\n","protected":false},"excerpt":{"rendered":"<p>Apr\u00e8s l\u2019ind\u00e9niable r\u00e9ussite des journ\u00e9es de gr\u00e8ve et de manifestations des 19 et 31 janvier, 7 et 11 f\u00e9vrier, qui ont d\u00e9montr\u00e9 le rejet massif&hellip; <\/p>\n","protected":false},"author":1,"featured_media":0,"comment_status":"closed","ping_status":"closed","sticky":false,"template":"","format":"standard","meta":{"ngg_post_thumbnail":0,"_jetpack_memberships_contains_paid_content":false,"footnotes":"","_links_to":"","_links_to_target":""},"categories":[4,47],"tags":[45,48],"class_list":["post-1455","post","type-post","status-publish","format-standard","hentry","category-evenements","category-retraites","tag-luttes","tag-retraites"],"jetpack_featured_media_url":"","jetpack_sharing_enabled":true,"_links":{"self":[{"href":"https:\/\/www.ulcgtivry.fr\/blog\/wp-json\/wp\/v2\/posts\/1455","targetHints":{"allow":["GET"]}}],"collection":[{"href":"https:\/\/www.ulcgtivry.fr\/blog\/wp-json\/wp\/v2\/posts"}],"about":[{"href":"https:\/\/www.ulcgtivry.fr\/blog\/wp-json\/wp\/v2\/types\/post"}],"author":[{"embeddable":true,"href":"https:\/\/www.ulcgtivry.fr\/blog\/wp-json\/wp\/v2\/users\/1"}],"replies":[{"embeddable":true,"href":"https:\/\/www.ulcgtivry.fr\/blog\/wp-json\/wp\/v2\/comments?post=1455"}],"version-history":[{"count":0,"href":"https:\/\/www.ulcgtivry.fr\/blog\/wp-json\/wp\/v2\/posts\/1455\/revisions"}],"wp:attachment":[{"href":"https:\/\/www.ulcgtivry.fr\/blog\/wp-json\/wp\/v2\/media?parent=1455"}],"wp:term":[{"taxonomy":"category","embeddable":true,"href":"https:\/\/www.ulcgtivry.fr\/blog\/wp-json\/wp\/v2\/categories?post=1455"},{"taxonomy":"post_tag","embeddable":true,"href":"https:\/\/www.ulcgtivry.fr\/blog\/wp-json\/wp\/v2\/tags?post=1455"}],"curies":[{"name":"wp","href":"https:\/\/api.w.org\/{rel}","templated":true}]}}