{"id":1460,"date":"2023-02-16T16:20:08","date_gmt":"2023-02-16T15:20:08","guid":{"rendered":"https:\/\/www.ulcgtivry.fr\/blog\/?p=1460"},"modified":"2023-02-16T17:00:03","modified_gmt":"2023-02-16T16:00:03","slug":"marche-aux-flambeaux-a-alfortville-maisons-alfort","status":"publish","type":"post","link":"https:\/\/www.ulcgtivry.fr\/blog\/2023\/02\/marche-aux-flambeaux-a-alfortville-maisons-alfort\/","title":{"rendered":"Marche aux flambeaux \u00e0 Alfortville \u2013 Maisons-Alfort"},"content":{"rendered":"<p>Nous avons d\u00e9fil\u00e9 hier soir depuis la mairie de Maisons-Alfort jusqu&rsquo;\u00e0 celle d&rsquo;Alforville o\u00f9 les personnes pr\u00e9sentes ont pu participer \u00e0 la chasse de solidarit\u00e9 en se restaurant. <\/p>\n<h5> En images <\/h5>\n<p class=\"clear\">ngg_shortcode_0_placeholder<p class=\"clear\">\n<h5> En vid\u00e9o <\/h5>\n<p>Cliquez sur les vignettes pour lancer les vid\u00e9os ! <\/p>\n<p><center><a href=\"https:\/\/ulcgtivry.fr\/blog\/wp-content\/uploads\/2023_uploads\/230215_MarcheAuxFlambeaux.mp4\"><img loading=\"lazy\" decoding=\"async\" src=\"https:\/\/ulcgtivry.fr\/blog\/wp-content\/uploads\/2023_uploads\/230215_MarcheAuxFlambeaux.jpeg\" alt=\"Marche aux flambeaux\" width=\"400\" height=\"300\"\/><\/a> <a href=\"https:\/\/ulcgtivry.fr\/blog\/wp-content\/uploads\/2023_uploads\/230215_MarcheAuxFlambeaux2.mp4\"><\/p>\n<p><img loading=\"lazy\" decoding=\"async\" src=\"https:\/\/ulcgtivry.fr\/blog\/wp-content\/uploads\/2023_uploads\/230215_MarcheAuxFlambeaux2.jpeg\" alt=\"Marche aux flambeaux\" width=\"400\" height=\"300\"\/><\/a> <a href=\"https:\/\/ulcgtivry.fr\/blog\/wp-content\/uploads\/2023_uploads\/230215_MarcheAuxFlambeaux3.mp4\"><\/p>\n<p><img loading=\"lazy\" decoding=\"async\" src=\"https:\/\/ulcgtivry.fr\/blog\/wp-content\/uploads\/2023_uploads\/230215_MarcheAuxFlambeaux3.jpeg\" alt=\"Marche aux flambeaux\" width=\"250\" height=\"400\"\/><\/a><\/center><\/p>\n","protected":false},"excerpt":{"rendered":"<p>Nous avons d\u00e9fil\u00e9 hier soir depuis la mairie de Maisons-Alfort jusqu&rsquo;\u00e0 celle d&rsquo;Alforville o\u00f9 les personnes pr\u00e9sentes ont pu participer \u00e0 la chasse de solidarit\u00e9&hellip; <\/p>\n","protected":false},"author":1,"featured_media":0,"comment_status":"closed","ping_status":"closed","sticky":false,"template":"","format":"standard","meta":{"ngg_post_thumbnail":0,"_jetpack_memberships_contains_paid_content":false,"footnotes":"","_links_to":"","_links_to_target":""},"categories":[47],"tags":[48],"class_list":["post-1460","post","type-post","status-publish","format-standard","hentry","category-retraites","tag-retraites"],"jetpack_featured_media_url":"","jetpack_sharing_enabled":true,"_links":{"self":[{"href":"https:\/\/www.ulcgtivry.fr\/blog\/wp-json\/wp\/v2\/posts\/1460","targetHints":{"allow":["GET"]}}],"collection":[{"href":"https:\/\/www.ulcgtivry.fr\/blog\/wp-json\/wp\/v2\/posts"}],"about":[{"href":"https:\/\/www.ulcgtivry.fr\/blog\/wp-json\/wp\/v2\/types\/post"}],"author":[{"embeddable":true,"href":"https:\/\/www.ulcgtivry.fr\/blog\/wp-json\/wp\/v2\/users\/1"}],"replies":[{"embeddable":true,"href":"https:\/\/www.ulcgtivry.fr\/blog\/wp-json\/wp\/v2\/comments?post=1460"}],"version-history":[{"count":0,"href":"https:\/\/www.ulcgtivry.fr\/blog\/wp-json\/wp\/v2\/posts\/1460\/revisions"}],"wp:attachment":[{"href":"https:\/\/www.ulcgtivry.fr\/blog\/wp-json\/wp\/v2\/media?parent=1460"}],"wp:term":[{"taxonomy":"category","embeddable":true,"href":"https:\/\/www.ulcgtivry.fr\/blog\/wp-json\/wp\/v2\/categories?post=1460"},{"taxonomy":"post_tag","embeddable":true,"href":"https:\/\/www.ulcgtivry.fr\/blog\/wp-json\/wp\/v2\/tags?post=1460"}],"curies":[{"name":"wp","href":"https:\/\/api.w.org\/{rel}","templated":true}]}}