{"id":1497,"date":"2023-02-16T16:00:12","date_gmt":"2023-02-16T15:00:12","guid":{"rendered":"https:\/\/www.ulcgtivry.fr\/blog\/?p=1497"},"modified":"2023-02-16T17:12:16","modified_gmt":"2023-02-16T16:12:16","slug":"devant-la-prefecture-du-val-de-marne-le-15-fevrier-2923","status":"publish","type":"post","link":"https:\/\/www.ulcgtivry.fr\/blog\/2023\/02\/devant-la-prefecture-du-val-de-marne-le-15-fevrier-2923\/","title":{"rendered":"Devant la pr\u00e9fecture du Val-de-Marne le 15 f\u00e9vrier 2023"},"content":{"rendered":"<p>\u00c0 l&rsquo;appel de l&rsquo;ensemble des syndicats, plusieurs centaines de personnes se sont retrouv\u00e9e ce mercredi, entre 12h et 14h, pour manifester, devant le repr\u00e9sentant de l&rsquo;\u00c9tat, leur opposition \u00e0 la contre-r\u00e9forme des retraites. <\/p>\n<p><center><a href=\"https:\/\/ulcgtivry.fr\/blog\/wp-content\/uploads\/2023_uploads\/230215_Rassemblt_photo.jpg\"><img loading=\"lazy\" decoding=\"async\" src=\"https:\/\/ulcgtivry.fr\/blog\/wp-content\/uploads\/2023_uploads\/230215_Rassemblt_photo.jpg\" alt=\"Rassemblement devant la prefecture du Val-de-Marne\" width=\"400\" height=\"250\"\/><\/a> <\/p>\n","protected":false},"excerpt":{"rendered":"<p>\u00c0 l&rsquo;appel de l&rsquo;ensemble des syndicats, plusieurs centaines de personnes se sont retrouv\u00e9e ce mercredi, entre 12h et 14h, pour manifester, devant le repr\u00e9sentant de&hellip; <\/p>\n","protected":false},"author":1,"featured_media":0,"comment_status":"closed","ping_status":"closed","sticky":false,"template":"","format":"standard","meta":{"ngg_post_thumbnail":0,"_jetpack_memberships_contains_paid_content":false,"footnotes":"","_links_to":"","_links_to_target":""},"categories":[47],"tags":[48],"class_list":["post-1497","post","type-post","status-publish","format-standard","hentry","category-retraites","tag-retraites"],"jetpack_featured_media_url":"","jetpack_sharing_enabled":true,"_links":{"self":[{"href":"https:\/\/www.ulcgtivry.fr\/blog\/wp-json\/wp\/v2\/posts\/1497","targetHints":{"allow":["GET"]}}],"collection":[{"href":"https:\/\/www.ulcgtivry.fr\/blog\/wp-json\/wp\/v2\/posts"}],"about":[{"href":"https:\/\/www.ulcgtivry.fr\/blog\/wp-json\/wp\/v2\/types\/post"}],"author":[{"embeddable":true,"href":"https:\/\/www.ulcgtivry.fr\/blog\/wp-json\/wp\/v2\/users\/1"}],"replies":[{"embeddable":true,"href":"https:\/\/www.ulcgtivry.fr\/blog\/wp-json\/wp\/v2\/comments?post=1497"}],"version-history":[{"count":0,"href":"https:\/\/www.ulcgtivry.fr\/blog\/wp-json\/wp\/v2\/posts\/1497\/revisions"}],"wp:attachment":[{"href":"https:\/\/www.ulcgtivry.fr\/blog\/wp-json\/wp\/v2\/media?parent=1497"}],"wp:term":[{"taxonomy":"category","embeddable":true,"href":"https:\/\/www.ulcgtivry.fr\/blog\/wp-json\/wp\/v2\/categories?post=1497"},{"taxonomy":"post_tag","embeddable":true,"href":"https:\/\/www.ulcgtivry.fr\/blog\/wp-json\/wp\/v2\/tags?post=1497"}],"curies":[{"name":"wp","href":"https:\/\/api.w.org\/{rel}","templated":true}]}}