{"id":1501,"date":"2023-02-16T18:58:51","date_gmt":"2023-02-16T17:58:51","guid":{"rendered":"https:\/\/www.ulcgtivry.fr\/blog\/?p=1501"},"modified":"2023-02-17T09:56:07","modified_gmt":"2023-02-17T08:56:07","slug":"nouvelle-journee-de-mobilisation-du-16-fevrier","status":"publish","type":"post","link":"https:\/\/www.ulcgtivry.fr\/blog\/2023\/02\/nouvelle-journee-de-mobilisation-du-16-fevrier\/","title":{"rendered":"Nouvelle journ\u00e9e de mobilisation du 16 f\u00e9vrier"},"content":{"rendered":"<p>Alors que la contre-r\u00e9forme sur les retraites est en d\u00e9bat au Parlement, afin de maintenir la pression, et avant de \u00ab mettre \u00e0 l&rsquo;arr\u00eat \u00bb la France le 7 mars, pour la cinqui\u00e8me journ\u00e9e de mobilisation contre la r\u00e9forme des retraites, et pour exiger le retour de la retraite \u00e0 60 ans, plus d&rsquo;un million de personnes ont manifest\u00e9 dans toute la France.<\/p>\n<p>Les militants ont distribu\u00e9 des tracts au magasin Carrefour d&rsquo;Ivry\/Seine avant de rejoindre la manifestation parisienne. <\/p>\n<p class=\"clear\">ngg_shortcode_0_placeholder<p class=\"clear\">\n","protected":false},"excerpt":{"rendered":"<p>Alors que la contre-r\u00e9forme sur les retraites est en d\u00e9bat au Parlement, afin de maintenir la pression, et avant de \u00ab mettre \u00e0 l&rsquo;arr\u00eat \u00bb&hellip; <\/p>\n","protected":false},"author":1,"featured_media":0,"comment_status":"closed","ping_status":"closed","sticky":false,"template":"","format":"standard","meta":{"ngg_post_thumbnail":0,"_jetpack_memberships_contains_paid_content":false,"footnotes":"","_links_to":"","_links_to_target":""},"categories":[47],"tags":[48],"class_list":["post-1501","post","type-post","status-publish","format-standard","hentry","category-retraites","tag-retraites"],"jetpack_featured_media_url":"","jetpack_sharing_enabled":true,"_links":{"self":[{"href":"https:\/\/www.ulcgtivry.fr\/blog\/wp-json\/wp\/v2\/posts\/1501","targetHints":{"allow":["GET"]}}],"collection":[{"href":"https:\/\/www.ulcgtivry.fr\/blog\/wp-json\/wp\/v2\/posts"}],"about":[{"href":"https:\/\/www.ulcgtivry.fr\/blog\/wp-json\/wp\/v2\/types\/post"}],"author":[{"embeddable":true,"href":"https:\/\/www.ulcgtivry.fr\/blog\/wp-json\/wp\/v2\/users\/1"}],"replies":[{"embeddable":true,"href":"https:\/\/www.ulcgtivry.fr\/blog\/wp-json\/wp\/v2\/comments?post=1501"}],"version-history":[{"count":0,"href":"https:\/\/www.ulcgtivry.fr\/blog\/wp-json\/wp\/v2\/posts\/1501\/revisions"}],"wp:attachment":[{"href":"https:\/\/www.ulcgtivry.fr\/blog\/wp-json\/wp\/v2\/media?parent=1501"}],"wp:term":[{"taxonomy":"category","embeddable":true,"href":"https:\/\/www.ulcgtivry.fr\/blog\/wp-json\/wp\/v2\/categories?post=1501"},{"taxonomy":"post_tag","embeddable":true,"href":"https:\/\/www.ulcgtivry.fr\/blog\/wp-json\/wp\/v2\/tags?post=1501"}],"curies":[{"name":"wp","href":"https:\/\/api.w.org\/{rel}","templated":true}]}}