{"id":1519,"date":"2023-02-23T21:34:05","date_gmt":"2023-02-23T20:34:05","guid":{"rendered":"https:\/\/www.ulcgtivry.fr\/blog\/?p=1519"},"modified":"2023-02-28T20:25:22","modified_gmt":"2023-02-28T19:25:22","slug":"meeting-de-lutte-lundi-27-fevrier-2023-a-17h00-devant-le-senat","status":"publish","type":"post","link":"https:\/\/www.ulcgtivry.fr\/blog\/2023\/02\/meeting-de-lutte-lundi-27-fevrier-2023-a-17h00-devant-le-senat\/","title":{"rendered":"Meeting de lutte lundi 27 f\u00e9vrier 2023 \u00e0 17h00 devant le S\u00e9nat"},"content":{"rendered":"<p><center> <\/p>\n<h5> MEETING DE LUTTE<br \/>\n\u00e0 l&rsquo;appel de l&rsquo;intersyndicale r\u00e9gionale<br \/>\nLUNDI 27 FEVRIER 2023 \u00e0 17h00<br \/>\nrue Tournon, face au S\u00e9nat <\/h5>\n<p>PESONS SUR LES D\u00c9BATS, NOUS NE LES LAISSERONS PAS TRANQUILLES !<\/p>\n<p><a href=\"https:\/\/ulcgtivry.fr\/blog\/wp-content\/uploads\/2023_uploads\/230227_Meeting.jpeg\"><img loading=\"lazy\" decoding=\"async\" src=\"https:\/\/ulcgtivry.fr\/blog\/wp-content\/uploads\/2023_uploads\/230227_Meeting.jpeg\" alt=\" \" width=\"500\" height=\"300\" \/><\/a> <\/p>\n<p><em> (Cliquez sur l\u2019image pour l&rsquo;agrandir.) <\/em> <\/p>\n<p><\/center>  <\/p>\n","protected":false},"excerpt":{"rendered":"<p>MEETING DE LUTTE \u00e0 l&rsquo;appel de l&rsquo;intersyndicale r\u00e9gionale LUNDI 27 FEVRIER 2023 \u00e0 17h00 rue Tournon, face au S\u00e9nat PESONS SUR LES D\u00c9BATS, NOUS NE&hellip; <\/p>\n","protected":false},"author":1,"featured_media":0,"comment_status":"closed","ping_status":"closed","sticky":false,"template":"","format":"standard","meta":{"ngg_post_thumbnail":0,"_jetpack_memberships_contains_paid_content":false,"footnotes":"","_links_to":"","_links_to_target":""},"categories":[4,47],"tags":[48],"class_list":["post-1519","post","type-post","status-publish","format-standard","hentry","category-evenements","category-retraites","tag-retraites"],"jetpack_featured_media_url":"","jetpack_sharing_enabled":true,"_links":{"self":[{"href":"https:\/\/www.ulcgtivry.fr\/blog\/wp-json\/wp\/v2\/posts\/1519","targetHints":{"allow":["GET"]}}],"collection":[{"href":"https:\/\/www.ulcgtivry.fr\/blog\/wp-json\/wp\/v2\/posts"}],"about":[{"href":"https:\/\/www.ulcgtivry.fr\/blog\/wp-json\/wp\/v2\/types\/post"}],"author":[{"embeddable":true,"href":"https:\/\/www.ulcgtivry.fr\/blog\/wp-json\/wp\/v2\/users\/1"}],"replies":[{"embeddable":true,"href":"https:\/\/www.ulcgtivry.fr\/blog\/wp-json\/wp\/v2\/comments?post=1519"}],"version-history":[{"count":0,"href":"https:\/\/www.ulcgtivry.fr\/blog\/wp-json\/wp\/v2\/posts\/1519\/revisions"}],"wp:attachment":[{"href":"https:\/\/www.ulcgtivry.fr\/blog\/wp-json\/wp\/v2\/media?parent=1519"}],"wp:term":[{"taxonomy":"category","embeddable":true,"href":"https:\/\/www.ulcgtivry.fr\/blog\/wp-json\/wp\/v2\/categories?post=1519"},{"taxonomy":"post_tag","embeddable":true,"href":"https:\/\/www.ulcgtivry.fr\/blog\/wp-json\/wp\/v2\/tags?post=1519"}],"curies":[{"name":"wp","href":"https:\/\/api.w.org\/{rel}","templated":true}]}}