{"id":1528,"date":"2023-02-28T20:24:33","date_gmt":"2023-02-28T19:24:33","guid":{"rendered":"https:\/\/www.ulcgtivry.fr\/blog\/?p=1528"},"modified":"2023-02-28T20:24:33","modified_gmt":"2023-02-28T19:24:33","slug":"mercredi-8-mars-manifestation-a-paris-place-de-la-republique-a-14h","status":"publish","type":"post","link":"https:\/\/www.ulcgtivry.fr\/blog\/2023\/02\/mercredi-8-mars-manifestation-a-paris-place-de-la-republique-a-14h\/","title":{"rendered":"Mercredi 8 mars, manifestation \u00e0 Paris, place de la R\u00e9publique \u00e0 14h"},"content":{"rendered":"<p>Le 8 mars, ce n\u2019est ni la f\u00eate des m\u00e8res, ni la f\u00eate des femmes, c\u2019est la journ\u00e9e internationale de lutte pour les droits des femmes.<\/p>\n<p><center><a href=\"https:\/\/ulcgtivry.fr\/blog\/wp-content\/uploads\/2023_uploads\/230228_8mars_greve.pdf\" target=\"_blank\" rel=\"noopener\"><img loading=\"lazy\" decoding=\"async\" src=\"https:\/\/ulcgtivry.fr\/blog\/wp-content\/uploads\/2023_uploads\/230228_8mars_greve.jpeg\" alt=\"Gr\u00e8ve f\u00e9ministe\" width=\"250\" height=\"300\"\/><\/a>   <\/p>\n<p><em>(Cliquez sur l\u2019image pour afficher le tract, effectuez un clic droit pour le t\u00e9l\u00e9charger sur votre ordinateur.)<\/em><\/center><\/p>\n<h5> T\u00e9l\u00e9chargez le tract intersyndical !<\/h5>\n<p><center><a href=\"https:\/\/ulcgtivry.fr\/blog\/wp-content\/uploads\/2023_uploads\/230228_Tract_intersyndical.pdf\" target=\"_blank\" rel=\"noopener\"><img loading=\"lazy\" decoding=\"async\" src=\"https:\/\/ulcgtivry.fr\/blog\/wp-content\/uploads\/2023_uploads\/230228_Tract_intersyndical.jpeg\" alt=\"Tract intersyndical\" width=\"500\" height=\"300\"\/><\/a>   <\/p>\n<p><em>(Cliquez sur l\u2019image pour afficher le tract, effectuez un clic droit pour le t\u00e9l\u00e9charger sur votre ordinateur.)<\/em><\/p>\n<p><\/center><\/p>\n","protected":false},"excerpt":{"rendered":"<p>Le 8 mars, ce n\u2019est ni la f\u00eate des m\u00e8res, ni la f\u00eate des femmes, c\u2019est la journ\u00e9e internationale de lutte pour les droits des&hellip; <\/p>\n","protected":false},"author":1,"featured_media":0,"comment_status":"closed","ping_status":"closed","sticky":false,"template":"","format":"standard","meta":{"ngg_post_thumbnail":0,"_jetpack_memberships_contains_paid_content":false,"footnotes":"","_links_to":"","_links_to_target":""},"categories":[3,4,47,61],"tags":[48],"class_list":["post-1528","post","type-post","status-publish","format-standard","hentry","category-actualite","category-evenements","category-retraites","category-tracts","tag-retraites"],"jetpack_featured_media_url":"","jetpack_sharing_enabled":true,"_links":{"self":[{"href":"https:\/\/www.ulcgtivry.fr\/blog\/wp-json\/wp\/v2\/posts\/1528","targetHints":{"allow":["GET"]}}],"collection":[{"href":"https:\/\/www.ulcgtivry.fr\/blog\/wp-json\/wp\/v2\/posts"}],"about":[{"href":"https:\/\/www.ulcgtivry.fr\/blog\/wp-json\/wp\/v2\/types\/post"}],"author":[{"embeddable":true,"href":"https:\/\/www.ulcgtivry.fr\/blog\/wp-json\/wp\/v2\/users\/1"}],"replies":[{"embeddable":true,"href":"https:\/\/www.ulcgtivry.fr\/blog\/wp-json\/wp\/v2\/comments?post=1528"}],"version-history":[{"count":0,"href":"https:\/\/www.ulcgtivry.fr\/blog\/wp-json\/wp\/v2\/posts\/1528\/revisions"}],"wp:attachment":[{"href":"https:\/\/www.ulcgtivry.fr\/blog\/wp-json\/wp\/v2\/media?parent=1528"}],"wp:term":[{"taxonomy":"category","embeddable":true,"href":"https:\/\/www.ulcgtivry.fr\/blog\/wp-json\/wp\/v2\/categories?post=1528"},{"taxonomy":"post_tag","embeddable":true,"href":"https:\/\/www.ulcgtivry.fr\/blog\/wp-json\/wp\/v2\/tags?post=1528"}],"curies":[{"name":"wp","href":"https:\/\/api.w.org\/{rel}","templated":true}]}}