{"id":1531,"date":"2023-02-28T20:28:04","date_gmt":"2023-02-28T19:28:04","guid":{"rendered":"https:\/\/www.ulcgtivry.fr\/blog\/?p=1531"},"modified":"2023-03-04T03:02:32","modified_gmt":"2023-03-04T02:02:32","slug":"femmes-les-grandes-perdantes-de-la-reforme-des-retraites-2023-le-8-mars-rendez-vous-esplanade-la-defense","status":"publish","type":"post","link":"https:\/\/www.ulcgtivry.fr\/blog\/2023\/02\/femmes-les-grandes-perdantes-de-la-reforme-des-retraites-2023-le-8-mars-rendez-vous-esplanade-la-defense\/","title":{"rendered":"Femmes : les grandes perdantes de la r\u00e9forme des retraites 2023 ! <br> Le 8 mars, rendez-vous Esplanade La D\u00e9fense"},"content":{"rendered":"<p>Toute leur carri\u00e8re, les femmes subissent :<\/p>\n<p><a href=\"https:\/\/ulcgtivry.fr\/blog\/wp-content\/uploads\/2023_uploads\/230228_tract_8MARS_defense.pdf\" target=\"_blank\" rel=\"noopener\"><img loading=\"lazy\" decoding=\"async\" src=\"https:\/\/ulcgtivry.fr\/blog\/wp-content\/uploads\/2023_uploads\/230228_tract_8MARS_defense.jpeg\" alt=\"Femmes : les grandes perdantes\" width=\"250\" height=\"300\" class=\"alignright\"\/><\/a><\/p>\n<ul>\n<li> les salaires plus faibles, <\/li>\n<li> les contrats plus pr\u00e9caires, <\/li>\n<li> l\u2019absence de prime ou d\u2019\u00e9volution de salaire. <\/li>\n<\/ul>\n<p>Cette r\u00e9forme amplifiera ces in\u00e9galit\u00e9s.<\/p>\n<ul>\n<li> Une pension minimum conditionn\u00e9e \u00e0 une carri\u00e8re compl\u00e8te. <\/li>\n<li> Les cong\u00e9s parentaux pris tr\u00e8s partiellement en compte. <\/li>\n<li> Un renforcement pr\u00e9visible de la pr\u00e9carit\u00e9 en fin de carri\u00e8re. <\/li>\n<li> La p\u00e9nibilit\u00e9 des m\u00e9tiers f\u00e9minis\u00e9s n\u2019est pas toujours reconnue. <\/li>\n<li> La d\u00e9cote est maintenue et s&rsquo;annule \u00e0 67 ans. <\/li>\n<\/ul>\n<p><em> (Cliquez sur l\u2019image pour afficher le tract, effectuez un clic droit pour le t\u00e9l\u00e9charger sur votre ordinateur.)<\/em> <\/p>\n","protected":false},"excerpt":{"rendered":"<p>Toute leur carri\u00e8re, les femmes subissent : les salaires plus faibles, les contrats plus pr\u00e9caires, l\u2019absence de prime ou d\u2019\u00e9volution de salaire. Cette r\u00e9forme amplifiera&hellip; <\/p>\n","protected":false},"author":1,"featured_media":0,"comment_status":"closed","ping_status":"closed","sticky":false,"template":"","format":"standard","meta":{"ngg_post_thumbnail":0,"_jetpack_memberships_contains_paid_content":false,"footnotes":"","_links_to":"","_links_to_target":""},"categories":[3,47,61],"tags":[48],"class_list":["post-1531","post","type-post","status-publish","format-standard","hentry","category-actualite","category-retraites","category-tracts","tag-retraites"],"jetpack_featured_media_url":"","jetpack_sharing_enabled":true,"_links":{"self":[{"href":"https:\/\/www.ulcgtivry.fr\/blog\/wp-json\/wp\/v2\/posts\/1531","targetHints":{"allow":["GET"]}}],"collection":[{"href":"https:\/\/www.ulcgtivry.fr\/blog\/wp-json\/wp\/v2\/posts"}],"about":[{"href":"https:\/\/www.ulcgtivry.fr\/blog\/wp-json\/wp\/v2\/types\/post"}],"author":[{"embeddable":true,"href":"https:\/\/www.ulcgtivry.fr\/blog\/wp-json\/wp\/v2\/users\/1"}],"replies":[{"embeddable":true,"href":"https:\/\/www.ulcgtivry.fr\/blog\/wp-json\/wp\/v2\/comments?post=1531"}],"version-history":[{"count":0,"href":"https:\/\/www.ulcgtivry.fr\/blog\/wp-json\/wp\/v2\/posts\/1531\/revisions"}],"wp:attachment":[{"href":"https:\/\/www.ulcgtivry.fr\/blog\/wp-json\/wp\/v2\/media?parent=1531"}],"wp:term":[{"taxonomy":"category","embeddable":true,"href":"https:\/\/www.ulcgtivry.fr\/blog\/wp-json\/wp\/v2\/categories?post=1531"},{"taxonomy":"post_tag","embeddable":true,"href":"https:\/\/www.ulcgtivry.fr\/blog\/wp-json\/wp\/v2\/tags?post=1531"}],"curies":[{"name":"wp","href":"https:\/\/api.w.org\/{rel}","templated":true}]}}