{"id":1534,"date":"2023-03-03T20:02:46","date_gmt":"2023-03-03T19:02:46","guid":{"rendered":"https:\/\/www.ulcgtivry.fr\/blog\/?p=1534"},"modified":"2023-03-08T18:05:44","modified_gmt":"2023-03-08T17:05:44","slug":"manifestation-le-7-mars-a-14h-place-le-corbusier-sevres-babylone","status":"publish","type":"post","link":"https:\/\/www.ulcgtivry.fr\/blog\/2023\/03\/manifestation-le-7-mars-a-14h-place-le-corbusier-sevres-babylone\/","title":{"rendered":"Manifestation le 7 mars \u00e0 14h  place Le Corbusier (S\u00e8vres-Babylone)"},"content":{"rendered":"<p>Rendez-vous pour la manifestation interprofessionnelle <\/p>\n<h5><center> mardi 7 mars 2023 \u00e0 14h<\/p>\n<p>de S\u00e8vres-Babylone \u00e0 place d\u2019Italie <\/center><\/h5>\n<p>REFORME DES RETRAITES : TRAVAILLER PLUS LONGTEMPS, C\u2019EST NON !<\/p>\n<p>PAS 1 JOUR DE PLUS<\/p>\n","protected":false},"excerpt":{"rendered":"<p>Rendez-vous pour la manifestation interprofessionnelle mardi 7 mars 2023 \u00e0 14h de S\u00e8vres-Babylone \u00e0 place d\u2019Italie REFORME DES RETRAITES : TRAVAILLER PLUS LONGTEMPS, C\u2019EST NON&hellip; <\/p>\n","protected":false},"author":1,"featured_media":0,"comment_status":"closed","ping_status":"closed","sticky":false,"template":"","format":"standard","meta":{"ngg_post_thumbnail":0,"_jetpack_memberships_contains_paid_content":false,"footnotes":"","_links_to":"","_links_to_target":""},"categories":[3,4,47],"tags":[48],"class_list":["post-1534","post","type-post","status-publish","format-standard","hentry","category-actualite","category-evenements","category-retraites","tag-retraites"],"jetpack_featured_media_url":"","jetpack_sharing_enabled":true,"_links":{"self":[{"href":"https:\/\/www.ulcgtivry.fr\/blog\/wp-json\/wp\/v2\/posts\/1534","targetHints":{"allow":["GET"]}}],"collection":[{"href":"https:\/\/www.ulcgtivry.fr\/blog\/wp-json\/wp\/v2\/posts"}],"about":[{"href":"https:\/\/www.ulcgtivry.fr\/blog\/wp-json\/wp\/v2\/types\/post"}],"author":[{"embeddable":true,"href":"https:\/\/www.ulcgtivry.fr\/blog\/wp-json\/wp\/v2\/users\/1"}],"replies":[{"embeddable":true,"href":"https:\/\/www.ulcgtivry.fr\/blog\/wp-json\/wp\/v2\/comments?post=1534"}],"version-history":[{"count":0,"href":"https:\/\/www.ulcgtivry.fr\/blog\/wp-json\/wp\/v2\/posts\/1534\/revisions"}],"wp:attachment":[{"href":"https:\/\/www.ulcgtivry.fr\/blog\/wp-json\/wp\/v2\/media?parent=1534"}],"wp:term":[{"taxonomy":"category","embeddable":true,"href":"https:\/\/www.ulcgtivry.fr\/blog\/wp-json\/wp\/v2\/categories?post=1534"},{"taxonomy":"post_tag","embeddable":true,"href":"https:\/\/www.ulcgtivry.fr\/blog\/wp-json\/wp\/v2\/tags?post=1534"}],"curies":[{"name":"wp","href":"https:\/\/api.w.org\/{rel}","templated":true}]}}