{"id":1742,"date":"2025-01-30T18:08:24","date_gmt":"2025-01-30T17:08:24","guid":{"rendered":"https:\/\/www.ulcgtivry.fr\/blog\/?p=1742"},"modified":"2025-01-30T18:10:43","modified_gmt":"2025-01-30T17:10:43","slug":"ivry-senflamme-pour-leducation","status":"publish","type":"post","link":"https:\/\/www.ulcgtivry.fr\/blog\/2025\/01\/ivry-senflamme-pour-leducation\/","title":{"rendered":"Ivry s\u2019enflamme pour l\u2019\u00c9ducation"},"content":{"rendered":"<p><center><\/p>\n<h5>Marche aux flambeaux pour l\u2019\u00c9ducation<br \/>\nRendez-vous mardi 4 f\u00e9vrier \u00e0 18h30<br \/>\ndevant l\u2019\u00e9cole Solomon<br \/>\n25 rue Gagn\u00e9e. <\/h5>\n<p>Parcours devant \u00e9coles et coll\u00e8ges jusqu\u2019\u00e0 l\u2019\u00e9cole Anne Sylvestre.<br \/>\n<\/center><\/p>\n<p>Cliquez sur l&rsquo;image pour afficher le tract.<\/p>\n<p><center><a href=\"https:\/\/ulcgtivry.fr\/\/blog\/wp-content\/uploads\/2025_uploads\/250204_REP_Ivry.pdf\" target=\"_blank\"><img loading=\"lazy\" decoding=\"async\" src=\"https:\/\/ulcgtivry.fr\/\/blog\/wp-content\/uploads\/2025_uploads\/250204_REP_Ivry.png\" alt=\" Marche aux  flambeaux 4 f\u00e9vrier 2025\" width=\"250\" height=\"300\"\/><\/a>  <\/center><\/p>\n","protected":false},"excerpt":{"rendered":"<p>Marche aux flambeaux pour l\u2019\u00c9ducation Rendez-vous mardi 4 f\u00e9vrier \u00e0 18h30 devant l\u2019\u00e9cole Solomon 25 rue Gagn\u00e9e. Parcours devant \u00e9coles et coll\u00e8ges jusqu\u2019\u00e0 l\u2019\u00e9cole Anne&hellip; <\/p>\n","protected":false},"author":1,"featured_media":0,"comment_status":"closed","ping_status":"closed","sticky":false,"template":"","format":"standard","meta":{"ngg_post_thumbnail":0,"_jetpack_memberships_contains_paid_content":false,"footnotes":"","_links_to":"","_links_to_target":""},"categories":[3,4,61],"tags":[37],"class_list":["post-1742","post","type-post","status-publish","format-standard","hentry","category-actualite","category-evenements","category-tracts","tag-sevices-publics"],"jetpack_featured_media_url":"","jetpack_sharing_enabled":true,"_links":{"self":[{"href":"https:\/\/www.ulcgtivry.fr\/blog\/wp-json\/wp\/v2\/posts\/1742","targetHints":{"allow":["GET"]}}],"collection":[{"href":"https:\/\/www.ulcgtivry.fr\/blog\/wp-json\/wp\/v2\/posts"}],"about":[{"href":"https:\/\/www.ulcgtivry.fr\/blog\/wp-json\/wp\/v2\/types\/post"}],"author":[{"embeddable":true,"href":"https:\/\/www.ulcgtivry.fr\/blog\/wp-json\/wp\/v2\/users\/1"}],"replies":[{"embeddable":true,"href":"https:\/\/www.ulcgtivry.fr\/blog\/wp-json\/wp\/v2\/comments?post=1742"}],"version-history":[{"count":4,"href":"https:\/\/www.ulcgtivry.fr\/blog\/wp-json\/wp\/v2\/posts\/1742\/revisions"}],"predecessor-version":[{"id":1746,"href":"https:\/\/www.ulcgtivry.fr\/blog\/wp-json\/wp\/v2\/posts\/1742\/revisions\/1746"}],"wp:attachment":[{"href":"https:\/\/www.ulcgtivry.fr\/blog\/wp-json\/wp\/v2\/media?parent=1742"}],"wp:term":[{"taxonomy":"category","embeddable":true,"href":"https:\/\/www.ulcgtivry.fr\/blog\/wp-json\/wp\/v2\/categories?post=1742"},{"taxonomy":"post_tag","embeddable":true,"href":"https:\/\/www.ulcgtivry.fr\/blog\/wp-json\/wp\/v2\/tags?post=1742"}],"curies":[{"name":"wp","href":"https:\/\/api.w.org\/{rel}","templated":true}]}}