{"id":1758,"date":"2025-02-19T16:04:49","date_gmt":"2025-02-19T15:04:49","guid":{"rendered":"https:\/\/www.ulcgtivry.fr\/blog\/?p=1758"},"modified":"2025-02-19T16:04:49","modified_gmt":"2025-02-19T15:04:49","slug":"manifestation-no-pasaran-contre-le-fascisme","status":"publish","type":"post","link":"https:\/\/www.ulcgtivry.fr\/blog\/2025\/02\/manifestation-no-pasaran-contre-le-fascisme\/","title":{"rendered":"Manifestation No Pasar\u00e1n contre le fascisme"},"content":{"rendered":"<p>\u00c0 la suite de la projection par YOUNG STRUGGLE dimanche dernier du film Z de Gosta Gavras, des militants d&rsquo;extr\u00eame droite ont attaqu\u00e9 des spectateurs pacifiques, \u00e0 la sortie du cin\u00e9ma. Un militant CGT pr\u00e9sent a \u00e9t\u00e9 poignard\u00e9.<\/p>\n<p>Ce samedi 22 f\u00e9vrier, participez \u00e0 la manifestation de soutien. <\/p>\n<p><center><a href=\"https:\/\/ulcgtivry.fr\/blog\/wp-content\/uploads\/2025\/02\/250219_NoPassaran.jpg\" target=\"_blank\"><img loading=\"lazy\" decoding=\"async\" src=\"https:\/\/ulcgtivry.fr\/blog\/wp-content\/uploads\/2025\/02\/250219_NoPassaran.jpg\" alt=\" \" width=\"250\" height=\"300\"\/><\/a>  <\/center><\/p>\n","protected":false},"excerpt":{"rendered":"<p>\u00c0 la suite de la projection par YOUNG STRUGGLE dimanche dernier du film Z de Gosta Gavras, des militants d&rsquo;extr\u00eame droite ont attaqu\u00e9 des spectateurs&hellip; <\/p>\n","protected":false},"author":1,"featured_media":0,"comment_status":"closed","ping_status":"closed","sticky":false,"template":"","format":"standard","meta":{"ngg_post_thumbnail":0,"_jetpack_memberships_contains_paid_content":false,"footnotes":"","_links_to":"","_links_to_target":""},"categories":[3,4],"tags":[41,63,28],"class_list":["post-1758","post","type-post","status-publish","format-standard","hentry","category-actualite","category-evenements","tag-discriminations","tag-extreme-droite","tag-travailleurs-etrangers"],"jetpack_featured_media_url":"","jetpack_sharing_enabled":true,"_links":{"self":[{"href":"https:\/\/www.ulcgtivry.fr\/blog\/wp-json\/wp\/v2\/posts\/1758","targetHints":{"allow":["GET"]}}],"collection":[{"href":"https:\/\/www.ulcgtivry.fr\/blog\/wp-json\/wp\/v2\/posts"}],"about":[{"href":"https:\/\/www.ulcgtivry.fr\/blog\/wp-json\/wp\/v2\/types\/post"}],"author":[{"embeddable":true,"href":"https:\/\/www.ulcgtivry.fr\/blog\/wp-json\/wp\/v2\/users\/1"}],"replies":[{"embeddable":true,"href":"https:\/\/www.ulcgtivry.fr\/blog\/wp-json\/wp\/v2\/comments?post=1758"}],"version-history":[{"count":6,"href":"https:\/\/www.ulcgtivry.fr\/blog\/wp-json\/wp\/v2\/posts\/1758\/revisions"}],"predecessor-version":[{"id":1765,"href":"https:\/\/www.ulcgtivry.fr\/blog\/wp-json\/wp\/v2\/posts\/1758\/revisions\/1765"}],"wp:attachment":[{"href":"https:\/\/www.ulcgtivry.fr\/blog\/wp-json\/wp\/v2\/media?parent=1758"}],"wp:term":[{"taxonomy":"category","embeddable":true,"href":"https:\/\/www.ulcgtivry.fr\/blog\/wp-json\/wp\/v2\/categories?post=1758"},{"taxonomy":"post_tag","embeddable":true,"href":"https:\/\/www.ulcgtivry.fr\/blog\/wp-json\/wp\/v2\/tags?post=1758"}],"curies":[{"name":"wp","href":"https:\/\/api.w.org\/{rel}","templated":true}]}}