{"id":1767,"date":"2025-02-19T18:49:00","date_gmt":"2025-02-19T17:49:00","guid":{"rendered":"https:\/\/www.ulcgtivry.fr\/blog\/?p=1767"},"modified":"2025-02-19T18:49:00","modified_gmt":"2025-02-19T17:49:00","slug":"hommage-aux-resistants-du-groupe-manouchian-le-23-fevrier","status":"publish","type":"post","link":"https:\/\/www.ulcgtivry.fr\/blog\/2025\/02\/hommage-aux-resistants-du-groupe-manouchian-le-23-fevrier\/","title":{"rendered":"Hommage aux r\u00e9sistants du groupe Manouchian, le 23 f\u00e9vrier"},"content":{"rendered":"<p><center><\/p>\n<h5>La c\u00e9r\u00e9monie d&rsquo;hommage aux r\u00e9sistants du groupe Manouchian aura lieu<br \/>\ndimanche 23 f\u00e9vrier \u00e0 11h au cimeti\u00e8re parisien d\u2019Ivry <\/h5>\n<p>carr\u00e9 des fusill\u00e9s, 44 avenue de Verdun<\/center><\/p>\n<p><center><\/p>\n<h5>pour saluer la m\u00e9moire des r\u00e9sistants \u00e9trangers<br \/>\nex\u00e9cut\u00e9s par les nazis le 21 f\u00e9vrier 1944.<\/h5>\n<p><\/center><\/p>\n<p>Le 21 f\u00e9vrier 2024, quatre-vingts ans apr\u00e8s son ex\u00e9cution par les nazis au Mont-Val\u00e9rien, le r\u00e9sistant et po\u00e8te arm\u00e9nien Missak Manouchian est entr\u00e9 au Panth\u00e9on, accompagn\u00e9 de son \u00e9pouse M\u00e9lin\u00e9e. \u00c0 travers lui, c\u2019est \u00e0 tous les r\u00e9sistants \u00e9trangers FTP-MOI (Francs-Tireurs partisans-Main d\u2019\u0153uvre immigr\u00e9e) \u00ab&nbsp;morts pour France&nbsp;\u00bb &#8211; notamment aux 22 de son groupe &#8211; que la Nation fran\u00e7aise a rendu hommage.<\/p>\n<p>En 1944, ils avaient \u00e9t\u00e9 enterr\u00e9s au cimeti\u00e8re parisien d\u2019Ivry o\u00f9 douze d\u2019entre eux reposent encore. Au sein du groupe Manouchian, il y avait quatre Ivryens (vivant ou travaillant sur la commune) : Celestino Alfonso, Roger Rouxel, Wolf Wajsbrot et Robert Witchitz.<\/p>\n<p>L&rsquo;union locale CGT d&rsquo;Ivry, Charenton, St-Maurice, Maisons-Alfort, Alfortville vous invite \u00e0 participer \u00e0 cet hommage organis\u00e9 par l\u2019Association Nationale des Anciens Combattants et amis de la R\u00e9sistance (ANACR) et saluer la m\u00e9moire de tous ces martyrs.<\/p>\n","protected":false},"excerpt":{"rendered":"<p>La c\u00e9r\u00e9monie d&rsquo;hommage aux r\u00e9sistants du groupe Manouchian aura lieu dimanche 23 f\u00e9vrier \u00e0 11h au cimeti\u00e8re parisien d\u2019Ivry carr\u00e9 des fusill\u00e9s, 44 avenue de&hellip; <\/p>\n","protected":false},"author":1,"featured_media":0,"comment_status":"closed","ping_status":"closed","sticky":false,"template":"","format":"standard","meta":{"ngg_post_thumbnail":0,"_jetpack_memberships_contains_paid_content":false,"footnotes":"","_links_to":"","_links_to_target":""},"categories":[3,4],"tags":[57,28],"class_list":["post-1767","post","type-post","status-publish","format-standard","hentry","category-actualite","category-evenements","tag-paix","tag-travailleurs-etrangers"],"jetpack_featured_media_url":"","jetpack_sharing_enabled":true,"_links":{"self":[{"href":"https:\/\/www.ulcgtivry.fr\/blog\/wp-json\/wp\/v2\/posts\/1767","targetHints":{"allow":["GET"]}}],"collection":[{"href":"https:\/\/www.ulcgtivry.fr\/blog\/wp-json\/wp\/v2\/posts"}],"about":[{"href":"https:\/\/www.ulcgtivry.fr\/blog\/wp-json\/wp\/v2\/types\/post"}],"author":[{"embeddable":true,"href":"https:\/\/www.ulcgtivry.fr\/blog\/wp-json\/wp\/v2\/users\/1"}],"replies":[{"embeddable":true,"href":"https:\/\/www.ulcgtivry.fr\/blog\/wp-json\/wp\/v2\/comments?post=1767"}],"version-history":[{"count":8,"href":"https:\/\/www.ulcgtivry.fr\/blog\/wp-json\/wp\/v2\/posts\/1767\/revisions"}],"predecessor-version":[{"id":1775,"href":"https:\/\/www.ulcgtivry.fr\/blog\/wp-json\/wp\/v2\/posts\/1767\/revisions\/1775"}],"wp:attachment":[{"href":"https:\/\/www.ulcgtivry.fr\/blog\/wp-json\/wp\/v2\/media?parent=1767"}],"wp:term":[{"taxonomy":"category","embeddable":true,"href":"https:\/\/www.ulcgtivry.fr\/blog\/wp-json\/wp\/v2\/categories?post=1767"},{"taxonomy":"post_tag","embeddable":true,"href":"https:\/\/www.ulcgtivry.fr\/blog\/wp-json\/wp\/v2\/tags?post=1767"}],"curies":[{"name":"wp","href":"https:\/\/api.w.org\/{rel}","templated":true}]}}